{"id":28009,"date":"2020-12-10T08:16:00","date_gmt":"2020-12-10T07:16:00","guid":{"rendered":"https:\/\/blogs.fu-berlin.de\/bibliotheken\/?p=28009"},"modified":"2020-12-09T11:27:23","modified_gmt":"2020-12-09T10:27:23","slug":"tag-der-menschenrechte","status":"publish","type":"post","link":"https:\/\/blogs.fu-berlin.de\/bibliotheken\/2020\/12\/10\/tag-der-menschenrechte\/","title":{"rendered":"Tag der Menschenrechte"},"content":{"rendered":"\n<div class=\"wp-block-group alignwide\"><div class=\"wp-block-group__inner-container is-layout-flow wp-block-group-is-layout-flow\">\n<figure class=\"wp-block-image size-large is-resized\"><img loading=\"lazy\" decoding=\"async\" src=\"https:\/\/blogs.fu-berlin.de\/bibliotheken\/files\/2020\/02\/643590.jpg\" alt=\"\" class=\"wp-image-25973\" width=\"816\" height=\"546\" srcset=\"https:\/\/blogs.fu-berlin.de\/bibliotheken\/files\/2020\/02\/643590.jpg 736w, https:\/\/blogs.fu-berlin.de\/bibliotheken\/files\/2020\/02\/643590-300x201.jpg 300w\" sizes=\"auto, (max-width: 709px) 85vw, (max-width: 909px) 67vw, (max-width: 984px) 61vw, (max-width: 1362px) 45vw, 600px\" \/><figcaption>Foto:  United Nations Photo Library #643590<\/figcaption><\/figure>\n<\/div><\/div>\n\n\n\n<div class=\"wp-block-group\"><div class=\"wp-block-group__inner-container is-layout-flow wp-block-group-is-layout-flow\">\n<p>Liebe Leserinnen und Leser, heute ist der Tag der Menschenrechte. Der Tag der Menschenrechte wird jedes Jahr am 10. Dezember begangen &#8211; dem Tag, an dem die Generalversammlung der Vereinten Nationen 1948 <a href=\"https:\/\/www.un.org\/en\/ga\/search\/view_doc.asp?symbol=A\/RES\/217(III)\">die Allgemeine Erkl\u00e4rung der Menschenrechte<\/a> verabschiedete.<\/p>\n<\/div><\/div>\n\n\n\n<p>Die Menschenrechtserkl\u00e4rung ist ein Meilenstein, der die unver\u00e4u\u00dferlichen Rechte verk\u00fcndet, auf die jeder Mensch als Mensch Anspruch hat &#8211; unabh\u00e4ngig von Hautfarbe, Religion, Geschlecht, Sprache, politischer oder anderer Meinung, nationaler oder sozialer Herkunft, Eigentum, Geburt oder anderem Status. Sie ist in mehr als 500 Sprachen verf\u00fcgbar und ist das am h\u00e4ufigsten \u00fcbersetzte Dokument der Welt.<\/p>\n\n\n\n<p>Am 4. Dezember 195o wurde in der <a href=\"https:\/\/www.un.org\/ga\/search\/view_doc.asp?symbol=A\/RES\/423(V)\">317. Plenarsitzung entschieden, den j\u00e4hrlichen &#8222;Human Rights Day&#8220;<\/a> zu feiern. Das diesj\u00e4hrige <a href=\"https:\/\/www.un.org\/en\/observances\/human-rights-day\">Thema 2020 &#8222;Recover Better &#8211; Stand Up for Human Rights&#8220;<\/a> kann grob \u00fcbersetzt werden mit: Besser gesund werden &#8211; f\u00fcr die Menschenrechte eintreten. Damit bezieht sich das Thema unmittelbar auf die Covid-19 Pandemie und macht deutlich, dass wir nur gemeinsam unsere globalen Ziele erreichen, wenn wir in der Lage sind, Chancengleichheit f\u00fcr alle zu schaffen, die durch COVID-19 aufgedeckten und ausgenutzten Vers\u00e4umnisse zu beheben und Menschenrechtsstandards anzuwenden, um gegen tief verwurzelte, systematische und generationen\u00fcbergreifende Ungleichheiten, Ausgrenzung und Diskriminierung vorzugehen.<\/p>\n\n\n\n<p>F\u00fcr weitere Informationen:<\/p>\n\n\n\n<p><a href=\"https:\/\/sdgs.un.org\/goals\">https:\/\/sdgs.un.org\/goals<\/a><\/p>\n\n\n\n<p><a href=\"https:\/\/www.un.org\/en\/observances\/human-rights-day\">https:\/\/www.un.org\/en\/observances\/human-rights-day<\/a><\/p>\n\n\n\n<p><a href=\"https:\/\/www.undp.org\/\">https:\/\/www.undp.org\/<\/a><\/p>\n","protected":false},"excerpt":{"rendered":"<p>Liebe Leserinnen und Leser, heute ist der Tag der Menschenrechte. Der Tag der Menschenrechte wird jedes Jahr am 10. Dezember begangen &#8211; dem Tag, an dem die Generalversammlung der Vereinten Nationen 1948 die Allgemeine Erkl\u00e4rung der Menschenrechte verabschiedete. Die Menschenrechtserkl\u00e4rung ist ein Meilenstein, der die unver\u00e4u\u00dferlichen Rechte verk\u00fcndet, auf die jeder Mensch als Mensch Anspruch &hellip; <a href=\"https:\/\/blogs.fu-berlin.de\/bibliotheken\/2020\/12\/10\/tag-der-menschenrechte\/\" class=\"more-link\"><span class=\"screen-reader-text\">\u201eTag der Menschenrechte\u201c<\/span> weiterlesen<\/a><\/p>\n","protected":false},"author":3230,"featured_media":0,"comment_status":"open","ping_status":"open","sticky":false,"template":"","format":"standard","meta":{"footnotes":""},"categories":[9],"tags":[218351,364828,364829,57495,218440],"class_list":["post-28009","post","type-post","status-publish","format-standard","hentry","category-allgemein","tag-allgemeine-erklaerung-der-menschenrechte","tag-human-rights-day","tag-menschen","tag-sustainable-development-goals","tag-united-nations"],"_links":{"self":[{"href":"https:\/\/blogs.fu-berlin.de\/bibliotheken\/wp-json\/wp\/v2\/posts\/28009","targetHints":{"allow":["GET"]}}],"collection":[{"href":"https:\/\/blogs.fu-berlin.de\/bibliotheken\/wp-json\/wp\/v2\/posts"}],"about":[{"href":"https:\/\/blogs.fu-berlin.de\/bibliotheken\/wp-json\/wp\/v2\/types\/post"}],"author":[{"embeddable":true,"href":"https:\/\/blogs.fu-berlin.de\/bibliotheken\/wp-json\/wp\/v2\/users\/3230"}],"replies":[{"embeddable":true,"href":"https:\/\/blogs.fu-berlin.de\/bibliotheken\/wp-json\/wp\/v2\/comments?post=28009"}],"version-history":[{"count":6,"href":"https:\/\/blogs.fu-berlin.de\/bibliotheken\/wp-json\/wp\/v2\/posts\/28009\/revisions"}],"predecessor-version":[{"id":28015,"href":"https:\/\/blogs.fu-berlin.de\/bibliotheken\/wp-json\/wp\/v2\/posts\/28009\/revisions\/28015"}],"wp:attachment":[{"href":"https:\/\/blogs.fu-berlin.de\/bibliotheken\/wp-json\/wp\/v2\/media?parent=28009"}],"wp:term":[{"taxonomy":"category","embeddable":true,"href":"https:\/\/blogs.fu-berlin.de\/bibliotheken\/wp-json\/wp\/v2\/categories?post=28009"},{"taxonomy":"post_tag","embeddable":true,"href":"https:\/\/blogs.fu-berlin.de\/bibliotheken\/wp-json\/wp\/v2\/tags?post=28009"}],"curies":[{"name":"wp","href":"https:\/\/api.w.org\/{rel}","templated":true}]}}