{"id":28044,"date":"2020-12-14T18:04:30","date_gmt":"2020-12-14T17:04:30","guid":{"rendered":"https:\/\/blogs.fu-berlin.de\/bibliotheken\/?p=28044"},"modified":"2020-12-15T07:43:10","modified_gmt":"2020-12-15T06:43:10","slug":"bibliotheken-bleiben-ab-16-12-fuer-die-ausleihe-geoeffnet","status":"publish","type":"post","link":"https:\/\/blogs.fu-berlin.de\/bibliotheken\/2020\/12\/14\/bibliotheken-bleiben-ab-16-12-fuer-die-ausleihe-geoeffnet\/","title":{"rendered":"Bibliotheken bleiben ab 16.12. f\u00fcr die kontaktarme Ausleihe ge\u00f6ffnet"},"content":{"rendered":"\n<p>In der Taskforce des Landes Berlin wurde heute beschlossen, dass Bibliotheken ab 16. Dezember 2020<strong> nur noch f\u00fcr die kontaktarme Ausleihe nach Hause<\/strong> ge\u00f6ffnet bleiben d\u00fcrfen. <strong>Die Arbeit in den Leses\u00e4len, auch an vorab reservierten Pl\u00e4tzen, bleibt aufgrund der notwendigen Ma\u00dfnahmen zur Hygiene bis vorerst 10. Januar 2021 untersagt<\/strong>.<\/p>\n\n\n\n<p>F\u00fcr die Universit\u00e4tsbibiothek und die \u00fcbrigen Fachbibliotheken an der FU Berlin bedeutet das, dass der Ausleihbetrieb bis 22. Dezember 2020 fortgesetzt wird. <strong>Vom 23. Dezember bis 3. Januar sind die H\u00e4user regul\u00e4r <a href=\"https:\/\/www.fu-berlin.de\/sites\/ub\/ueber-uns\/news\/202011_betriebsurlaub.html\">aufgrund des Betriebsurlaubs<\/a> geschlossen.<\/strong> Ab 4. Januar starten dann die FU-Bibliotheken voraussichtlich wieder mit dem Ausleihbetrieb.<\/p>\n","protected":false},"excerpt":{"rendered":"<p>In der Taskforce des Landes Berlin wurde heute beschlossen, dass Bibliotheken ab 16. Dezember 2020 nur noch f\u00fcr die kontaktarme Ausleihe nach Hause ge\u00f6ffnet bleiben d\u00fcrfen. Die Arbeit in den Leses\u00e4len, auch an vorab reservierten Pl\u00e4tzen, bleibt aufgrund der notwendigen Ma\u00dfnahmen zur Hygiene bis vorerst 10. Januar 2021 untersagt. F\u00fcr die Universit\u00e4tsbibiothek und die \u00fcbrigen &hellip; <a href=\"https:\/\/blogs.fu-berlin.de\/bibliotheken\/2020\/12\/14\/bibliotheken-bleiben-ab-16-12-fuer-die-ausleihe-geoeffnet\/\" class=\"more-link\"><span class=\"screen-reader-text\">\u201eBibliotheken bleiben ab 16.12. f\u00fcr die kontaktarme Ausleihe ge\u00f6ffnet\u201c<\/span> weiterlesen<\/a><\/p>\n","protected":false},"author":293,"featured_media":27885,"comment_status":"open","ping_status":"open","sticky":false,"template":"","format":"standard","meta":{"footnotes":""},"categories":[9,599,600,601],"tags":[364803,1946,364830],"class_list":["post-28044","post","type-post","status-publish","format-standard","has-post-thumbnail","hentry","category-allgemein","category-bibliothekswesen","category-fachbibliotheken","category-universitatsbibliothek","tag-arbeitsplaetze","tag-ausleihe","tag-dezember-lockdown"],"_links":{"self":[{"href":"https:\/\/blogs.fu-berlin.de\/bibliotheken\/wp-json\/wp\/v2\/posts\/28044","targetHints":{"allow":["GET"]}}],"collection":[{"href":"https:\/\/blogs.fu-berlin.de\/bibliotheken\/wp-json\/wp\/v2\/posts"}],"about":[{"href":"https:\/\/blogs.fu-berlin.de\/bibliotheken\/wp-json\/wp\/v2\/types\/post"}],"author":[{"embeddable":true,"href":"https:\/\/blogs.fu-berlin.de\/bibliotheken\/wp-json\/wp\/v2\/users\/293"}],"replies":[{"embeddable":true,"href":"https:\/\/blogs.fu-berlin.de\/bibliotheken\/wp-json\/wp\/v2\/comments?post=28044"}],"version-history":[{"count":4,"href":"https:\/\/blogs.fu-berlin.de\/bibliotheken\/wp-json\/wp\/v2\/posts\/28044\/revisions"}],"predecessor-version":[{"id":28048,"href":"https:\/\/blogs.fu-berlin.de\/bibliotheken\/wp-json\/wp\/v2\/posts\/28044\/revisions\/28048"}],"wp:featuredmedia":[{"embeddable":true,"href":"https:\/\/blogs.fu-berlin.de\/bibliotheken\/wp-json\/wp\/v2\/media\/27885"}],"wp:attachment":[{"href":"https:\/\/blogs.fu-berlin.de\/bibliotheken\/wp-json\/wp\/v2\/media?parent=28044"}],"wp:term":[{"taxonomy":"category","embeddable":true,"href":"https:\/\/blogs.fu-berlin.de\/bibliotheken\/wp-json\/wp\/v2\/categories?post=28044"},{"taxonomy":"post_tag","embeddable":true,"href":"https:\/\/blogs.fu-berlin.de\/bibliotheken\/wp-json\/wp\/v2\/tags?post=28044"}],"curies":[{"name":"wp","href":"https:\/\/api.w.org\/{rel}","templated":true}]}}