{"id":28050,"date":"2020-12-22T18:57:57","date_gmt":"2020-12-22T17:57:57","guid":{"rendered":"https:\/\/blogs.fu-berlin.de\/bibliotheken\/?p=28050"},"modified":"2020-12-22T18:57:57","modified_gmt":"2020-12-22T17:57:57","slug":"schliesszeit-zum-jahreswechsel-2020-2021","status":"publish","type":"post","link":"https:\/\/blogs.fu-berlin.de\/bibliotheken\/2020\/12\/22\/schliesszeit-zum-jahreswechsel-2020-2021\/","title":{"rendered":"Schlie\u00dfzeit zum Jahreswechsel 2020\/2021"},"content":{"rendered":"\n<p>W\u00e4hrend des Betriebsurlaubs vom 23.12.2020 bis einschlie\u00dflich 03.01.2021 bleiben die Bibliotheken der Freien Universit\u00e4t geschlossen.<br>Bitte beachten Sie, dass <a href=\"https:\/\/www.fu-berlin.de\/sites\/ub\/ueber-uns\/news\/Wiederoeffnung-der-Ausleihe.html\">einige Standorte \u00fcber den Betriebsurlaub hinaus erweiterte Schlie\u00dfzeiten<\/a> haben.<\/p>\n\n\n\n<ul class=\"wp-block-list\"><li>Bestellungen verf\u00fcgbarer Medien aus den Magazinen, die Aufgabe von Fernleihbestellungen und die Digitalisierungsservices sind in diesem Zeitraum nicht m\u00f6glich.<\/li><li>Die Fristen von ausgeliehenen Medien fallen nicht in die Schlie\u00dfzeit.<\/li><li>F\u00fcr Buchr\u00fcckgaben stehen u. a. die R\u00fcckgabek\u00e4sten am Haupteingang in der Universit\u00e4tsbibliothek (Garystr. 39) zur Verf\u00fcgung.<\/li><\/ul>\n\n\n\n<p>Wir w\u00fcnschen eine sch\u00f6ne Zeit und alles Gute f\u00fcr das Jahr 2021.<\/p>\n","protected":false},"excerpt":{"rendered":"<p>W\u00e4hrend des Betriebsurlaubs vom 23.12.2020 bis einschlie\u00dflich 03.01.2021 bleiben die Bibliotheken der Freien Universit\u00e4t geschlossen.Bitte beachten Sie, dass einige Standorte \u00fcber den Betriebsurlaub hinaus erweiterte Schlie\u00dfzeiten haben. Bestellungen verf\u00fcgbarer Medien aus den Magazinen, die Aufgabe von Fernleihbestellungen und die Digitalisierungsservices sind in diesem Zeitraum nicht m\u00f6glich. Die Fristen von ausgeliehenen Medien fallen nicht in die &hellip; <a href=\"https:\/\/blogs.fu-berlin.de\/bibliotheken\/2020\/12\/22\/schliesszeit-zum-jahreswechsel-2020-2021\/\" class=\"more-link\"><span class=\"screen-reader-text\">\u201eSchlie\u00dfzeit zum Jahreswechsel 2020\/2021\u201c<\/span> weiterlesen<\/a><\/p>\n","protected":false},"author":293,"featured_media":28052,"comment_status":"open","ping_status":"open","sticky":false,"template":"","format":"standard","meta":{"footnotes":""},"categories":[9,600,518,601],"tags":[10062,364831,1433],"class_list":["post-28050","post","type-post","status-publish","format-standard","has-post-thumbnail","hentry","category-allgemein","category-fachbibliotheken","category-fu-kataloge","category-universitatsbibliothek","tag-betriebsferien","tag-silvester","tag-weihnachten"],"_links":{"self":[{"href":"https:\/\/blogs.fu-berlin.de\/bibliotheken\/wp-json\/wp\/v2\/posts\/28050","targetHints":{"allow":["GET"]}}],"collection":[{"href":"https:\/\/blogs.fu-berlin.de\/bibliotheken\/wp-json\/wp\/v2\/posts"}],"about":[{"href":"https:\/\/blogs.fu-berlin.de\/bibliotheken\/wp-json\/wp\/v2\/types\/post"}],"author":[{"embeddable":true,"href":"https:\/\/blogs.fu-berlin.de\/bibliotheken\/wp-json\/wp\/v2\/users\/293"}],"replies":[{"embeddable":true,"href":"https:\/\/blogs.fu-berlin.de\/bibliotheken\/wp-json\/wp\/v2\/comments?post=28050"}],"version-history":[{"count":1,"href":"https:\/\/blogs.fu-berlin.de\/bibliotheken\/wp-json\/wp\/v2\/posts\/28050\/revisions"}],"predecessor-version":[{"id":28053,"href":"https:\/\/blogs.fu-berlin.de\/bibliotheken\/wp-json\/wp\/v2\/posts\/28050\/revisions\/28053"}],"wp:featuredmedia":[{"embeddable":true,"href":"https:\/\/blogs.fu-berlin.de\/bibliotheken\/wp-json\/wp\/v2\/media\/28052"}],"wp:attachment":[{"href":"https:\/\/blogs.fu-berlin.de\/bibliotheken\/wp-json\/wp\/v2\/media?parent=28050"}],"wp:term":[{"taxonomy":"category","embeddable":true,"href":"https:\/\/blogs.fu-berlin.de\/bibliotheken\/wp-json\/wp\/v2\/categories?post=28050"},{"taxonomy":"post_tag","embeddable":true,"href":"https:\/\/blogs.fu-berlin.de\/bibliotheken\/wp-json\/wp\/v2\/tags?post=28050"}],"curies":[{"name":"wp","href":"https:\/\/api.w.org\/{rel}","templated":true}]}}