{"id":28069,"date":"2021-01-10T09:00:00","date_gmt":"2021-01-10T08:00:00","guid":{"rendered":"https:\/\/blogs.fu-berlin.de\/bibliotheken\/?p=28069"},"modified":"2021-01-09T12:10:57","modified_gmt":"2021-01-09T11:10:57","slug":"bibliotheken-halten-kontaktarmen-ausleihbetrieb-im-januar-aufrecht-lesesaele-und-arbeitsplaetze-bleiben-weiterhin-geschlossen","status":"publish","type":"post","link":"https:\/\/blogs.fu-berlin.de\/bibliotheken\/2021\/01\/10\/bibliotheken-halten-kontaktarmen-ausleihbetrieb-im-januar-aufrecht-lesesaele-und-arbeitsplaetze-bleiben-weiterhin-geschlossen\/","title":{"rendered":"Bibliotheken halten kontaktarmen Ausleihbetrieb im Januar aufrecht, Leses\u00e4le und Arbeitspl\u00e4tze bleiben weiterhin geschlossen"},"content":{"rendered":"\n<p class=\"has-text-color has-background has-white-color has-bright-blue-background-color\">(See below for the English Translation)<\/p>\n\n\n\n<p>In der Konferenz der Bundeskanzlerin und der Ministerpr\u00e4sident*innen am 5. Januar 2021 wurden die geltenden Einschr\u00e4nkungen bis Ende Januar verl\u00e4ngert. Dar\u00fcber hinaus wurden ab 11. Januar versch\u00e4rfte Ma\u00dfnahmen zur Eind\u00e4mmung der Corona-Pandemie beschlossen.<\/p>\n\n\n\n<p>Nach R\u00fccksprache mit der Senatskanzlei \u2013 Wissenschaft und Forschung bleiben die Hochschulen bis 31. Januar 2021 in Stufe 2 des Berliner Stufenplans f\u00fcr den Hochschulbetrieb unter Pandemiebedingungen.<\/p>\n\n\n\n<p>F\u00fcr die Bibliotheken der Freien Universit\u00e4t bedeutet dies konkret:<\/p>\n\n\n\n<ul class=\"wp-block-list\"><li>Die Bibliotheken halten den kontaktarmen Ausleihbetrieb bis auf Weiteres aufrecht (<strong>Bitte kommen Sie erst zur Bibliothek, wenn Sie eine Abholbenachrichtigung \u00fcber die Bereitstellung der bestellten B\u00fccher erhalten haben)<\/strong><\/li><li>Die Nutzung der Leses\u00e4le, Arbeitspl\u00e4tze, Freihandbereiche, Kopier- und Scanger\u00e4te sowie PC-Arbeitspl\u00e4tze ist leider nicht m\u00f6glich.<\/li><\/ul>\n\n\n\n<p><strong>Es gilt weiterhin, alle Ma\u00dfnahmen zum Gesundheitsschutz zu beachten und Kontakte auf ein Minimum zu begrenzen. Weitere Informationen zum Coronavirus finden Sie unter <a href=\"https:\/\/www.fu-berlin.de\/sites\/coronavirus\/\">www.fu-berlin.de\/sites\/coronavirus<\/a>.<\/strong><\/p>\n\n\n\n<p class=\"has-text-color has-background has-white-color has-bright-blue-background-color\">Chancellor Merkel and the heads of Germany\u2019s state governments met on January 5 and agreed upon new, stricter measures to help prevent the continued spread of Covid-19. The university management at Freie Universit\u00e4t recognizes the seriousness of the situation and is coordinating its efforts with the State of Berlin and the other universities and colleges in the city.<br><br>Based on decisions made in conjunction with Berlin\u2019s Senate Chancellery \u2013 Higher Education and Research on January 6, 2021, universities and colleges will continue to follow the phase 2 regulations as described in Berlin\u2019s phased plan for university operations with pandemic-related protective measures, beyond the original period scheduled to end on January 11, 2021.<br><br>In concrete terms, the latest decisions have the following implications for the Library System at Freie Universit\u00e4t:<br><br>&#8211; The libraries at Freie Universit\u00e4t Berlin will resume lending services (<strong>Please wait until you have received the pick-up notification for your items before you come to the library!)<\/strong><br>&#8211; Other library services such as reading rooms, open stacks, copy machines, scanners, and PC work stations are still off limits.<br><br><strong>We still need to continue to observe the relevant safety and health precautions and keep contact with others to a minimum. More information is available here<\/strong>: <strong><a href=\"https:\/\/www.fu-berlin.de\/en\/sites\/coronavirus\/index.html\">www.fu-berlin.de\/en\/sites\/coronavirus<\/a><\/strong><\/p>\n","protected":false},"excerpt":{"rendered":"<p>(See below for the English Translation) In der Konferenz der Bundeskanzlerin und der Ministerpr\u00e4sident*innen am 5. Januar 2021 wurden die geltenden Einschr\u00e4nkungen bis Ende Januar verl\u00e4ngert. Dar\u00fcber hinaus wurden ab 11. Januar versch\u00e4rfte Ma\u00dfnahmen zur Eind\u00e4mmung der Corona-Pandemie beschlossen. Nach R\u00fccksprache mit der Senatskanzlei \u2013 Wissenschaft und Forschung bleiben die Hochschulen bis 31. Januar 2021 &hellip; <a href=\"https:\/\/blogs.fu-berlin.de\/bibliotheken\/2021\/01\/10\/bibliotheken-halten-kontaktarmen-ausleihbetrieb-im-januar-aufrecht-lesesaele-und-arbeitsplaetze-bleiben-weiterhin-geschlossen\/\" class=\"more-link\"><span class=\"screen-reader-text\">\u201eBibliotheken halten kontaktarmen Ausleihbetrieb im Januar aufrecht, Leses\u00e4le und Arbeitspl\u00e4tze bleiben weiterhin geschlossen\u201c<\/span> weiterlesen<\/a><\/p>\n","protected":false},"author":293,"featured_media":27885,"comment_status":"open","ping_status":"open","sticky":false,"template":"","format":"standard","meta":{"footnotes":""},"categories":[9],"tags":[],"class_list":["post-28069","post","type-post","status-publish","format-standard","has-post-thumbnail","hentry","category-allgemein"],"_links":{"self":[{"href":"https:\/\/blogs.fu-berlin.de\/bibliotheken\/wp-json\/wp\/v2\/posts\/28069","targetHints":{"allow":["GET"]}}],"collection":[{"href":"https:\/\/blogs.fu-berlin.de\/bibliotheken\/wp-json\/wp\/v2\/posts"}],"about":[{"href":"https:\/\/blogs.fu-berlin.de\/bibliotheken\/wp-json\/wp\/v2\/types\/post"}],"author":[{"embeddable":true,"href":"https:\/\/blogs.fu-berlin.de\/bibliotheken\/wp-json\/wp\/v2\/users\/293"}],"replies":[{"embeddable":true,"href":"https:\/\/blogs.fu-berlin.de\/bibliotheken\/wp-json\/wp\/v2\/comments?post=28069"}],"version-history":[{"count":3,"href":"https:\/\/blogs.fu-berlin.de\/bibliotheken\/wp-json\/wp\/v2\/posts\/28069\/revisions"}],"predecessor-version":[{"id":28073,"href":"https:\/\/blogs.fu-berlin.de\/bibliotheken\/wp-json\/wp\/v2\/posts\/28069\/revisions\/28073"}],"wp:featuredmedia":[{"embeddable":true,"href":"https:\/\/blogs.fu-berlin.de\/bibliotheken\/wp-json\/wp\/v2\/media\/27885"}],"wp:attachment":[{"href":"https:\/\/blogs.fu-berlin.de\/bibliotheken\/wp-json\/wp\/v2\/media?parent=28069"}],"wp:term":[{"taxonomy":"category","embeddable":true,"href":"https:\/\/blogs.fu-berlin.de\/bibliotheken\/wp-json\/wp\/v2\/categories?post=28069"},{"taxonomy":"post_tag","embeddable":true,"href":"https:\/\/blogs.fu-berlin.de\/bibliotheken\/wp-json\/wp\/v2\/tags?post=28069"}],"curies":[{"name":"wp","href":"https:\/\/api.w.org\/{rel}","templated":true}]}}