{"id":28120,"date":"2021-01-19T14:08:35","date_gmt":"2021-01-19T13:08:35","guid":{"rendered":"https:\/\/blogs.fu-berlin.de\/bibliotheken\/?p=28120"},"modified":"2021-01-19T14:08:35","modified_gmt":"2021-01-19T13:08:35","slug":"citavi-webinare-am-20-januar","status":"publish","type":"post","link":"https:\/\/blogs.fu-berlin.de\/bibliotheken\/2021\/01\/19\/citavi-webinare-am-20-januar\/","title":{"rendered":"Citavi-Webinare am 20. Januar"},"content":{"rendered":"\n<p>Im Wintersemester 2020\/21 pr\u00e4sentiert sich die Einf\u00fchrung ins Literaturverwaltungsprogramm <a href=\"https:\/\/www.fu-berlin.de\/sites\/ub\/literatursuche\/literaturverwaltung\/citavi6\/index.html\">Citavi<\/a> im neuen Gewand. War der Kurs bislang auf eine zweist\u00fcndige Schulung angelegt, teilt er sich nun in zwei Webinare \u00e0 45 Minuten &#8211; ein &#8222;Grundkurs&#8220; f\u00fcr Anf\u00e4nger und ein &#8222;Aufbaukurs&#8220; f\u00fcr Fortgeschrittene.  Beide Kurse lassen sich gemeinsam und getrennt voneinander buchen (auch f\u00fcr Nicht-FU-Mitglieder).  Eine weitere Neuerung ist die die <a href=\"https:\/\/www.citavi.com\/de\/citavi-web-beta\">Web-Beta-Version<\/a>, die mittlerweile auch ohne &#8222;Virtuelle Maschine&#8220;  f\u00fcr Mac OS nutzbar ist).<\/p>\n\n\n\n<p>Diese Woche geht es in Runde zwei f\u00fcr das neue Format und es k\u00f6nnen noch Pl\u00e4tze f\u00fcr die mit <a href=\"https:\/\/www.cedis.fu-berlin.de\/online-lehren-lernen\/tools\/cisco-webex-meeting.html\">Cisco Webex<\/a> veranstaltete Kurse gebucht werden. Als Antwort erhalten Sie eine E-Mail mit den Login-Informationen:<\/p>\n\n\n\n<p><strong>Citavi &#8211; Grundkurs f\u00fcr Anf\u00e4nger<\/strong> (<a href=\"https:\/\/www.fu-berlin.de\/sites\/ub\/ueber-uns\/termine\/citavi-grundkurs2.html\">Inhalte<\/a>)<br>Mittwoch, 20. Januar 2021<br>10:00-10:45 Uhr (<a href=\"https:\/\/www.fu-berlin.de\/sites\/ub\/lernangebote\/literaturverwaltung\/literaturverwaltung_citavi\/PM_formular_citavi_grundkurs\/index.html\">Online-Anmeldung<\/a> &#8211; auch f\u00fcr Externe)<\/p>\n\n\n\n<p><strong>Citavi &#8211; Aufbaukurs f\u00fcr Fortgeschrittene <\/strong>(<a href=\"https:\/\/www.fu-berlin.de\/sites\/ub\/ueber-uns\/termine\/citavi-aufbaukurs2.html\">Inhalte<\/a>)<br>Mittwoch, 20. Januar 2021<br>11:00-11:45 (<a href=\"https:\/\/www.fu-berlin.de\/sites\/ub\/lernangebote\/literaturverwaltung\/literaturverwaltung_citavi\/PM_formular_citavi_aufbaukurs\/index.html\">Online-Anmeldung<\/a> &#8211; auch f\u00fcr Externe)<\/p>\n\n\n\n<p>Wir freuen uns auf Sie und sehen uns am Mittwoch!<\/p>\n","protected":false},"excerpt":{"rendered":"<p>Im Wintersemester 2020\/21 pr\u00e4sentiert sich die Einf\u00fchrung ins Literaturverwaltungsprogramm Citavi im neuen Gewand. War der Kurs bislang auf eine zweist\u00fcndige Schulung angelegt, teilt er sich nun in zwei Webinare \u00e0 45 Minuten &#8211; ein &#8222;Grundkurs&#8220; f\u00fcr Anf\u00e4nger und ein &#8222;Aufbaukurs&#8220; f\u00fcr Fortgeschrittene. Beide Kurse lassen sich gemeinsam und getrennt voneinander buchen (auch f\u00fcr Nicht-FU-Mitglieder). Eine &hellip; <a href=\"https:\/\/blogs.fu-berlin.de\/bibliotheken\/2021\/01\/19\/citavi-webinare-am-20-januar\/\" class=\"more-link\"><span class=\"screen-reader-text\">\u201eCitavi-Webinare am 20. Januar\u201c<\/span> weiterlesen<\/a><\/p>\n","protected":false},"author":293,"featured_media":28124,"comment_status":"open","ping_status":"open","sticky":false,"template":"","format":"standard","meta":{"footnotes":""},"categories":[9,491,601],"tags":[1560,1859,33661],"class_list":["post-28120","post","type-post","status-publish","format-standard","has-post-thumbnail","hentry","category-allgemein","category-lernangebote-kurse","category-universitatsbibliothek","tag-citavi","tag-literaturverwaltung","tag-webinar"],"_links":{"self":[{"href":"https:\/\/blogs.fu-berlin.de\/bibliotheken\/wp-json\/wp\/v2\/posts\/28120","targetHints":{"allow":["GET"]}}],"collection":[{"href":"https:\/\/blogs.fu-berlin.de\/bibliotheken\/wp-json\/wp\/v2\/posts"}],"about":[{"href":"https:\/\/blogs.fu-berlin.de\/bibliotheken\/wp-json\/wp\/v2\/types\/post"}],"author":[{"embeddable":true,"href":"https:\/\/blogs.fu-berlin.de\/bibliotheken\/wp-json\/wp\/v2\/users\/293"}],"replies":[{"embeddable":true,"href":"https:\/\/blogs.fu-berlin.de\/bibliotheken\/wp-json\/wp\/v2\/comments?post=28120"}],"version-history":[{"count":3,"href":"https:\/\/blogs.fu-berlin.de\/bibliotheken\/wp-json\/wp\/v2\/posts\/28120\/revisions"}],"predecessor-version":[{"id":28123,"href":"https:\/\/blogs.fu-berlin.de\/bibliotheken\/wp-json\/wp\/v2\/posts\/28120\/revisions\/28123"}],"wp:featuredmedia":[{"embeddable":true,"href":"https:\/\/blogs.fu-berlin.de\/bibliotheken\/wp-json\/wp\/v2\/media\/28124"}],"wp:attachment":[{"href":"https:\/\/blogs.fu-berlin.de\/bibliotheken\/wp-json\/wp\/v2\/media?parent=28120"}],"wp:term":[{"taxonomy":"category","embeddable":true,"href":"https:\/\/blogs.fu-berlin.de\/bibliotheken\/wp-json\/wp\/v2\/categories?post=28120"},{"taxonomy":"post_tag","embeddable":true,"href":"https:\/\/blogs.fu-berlin.de\/bibliotheken\/wp-json\/wp\/v2\/tags?post=28120"}],"curies":[{"name":"wp","href":"https:\/\/api.w.org\/{rel}","templated":true}]}}