{"id":28152,"date":"2021-01-28T09:58:03","date_gmt":"2021-01-28T08:58:03","guid":{"rendered":"https:\/\/blogs.fu-berlin.de\/bibliotheken\/?p=28152"},"modified":"2021-01-28T10:53:42","modified_gmt":"2021-01-28T09:53:42","slug":"lesesaal-umbau-in-der-universitaetsbibliothek","status":"publish","type":"post","link":"https:\/\/blogs.fu-berlin.de\/bibliotheken\/2021\/01\/28\/lesesaal-umbau-in-der-universitaetsbibliothek\/","title":{"rendered":"Lesesaal-Umbau in der Universit\u00e4tsbibliothek"},"content":{"rendered":"\n<p>Seit Juni 2020 ist der Lesesaal der <a href=\"https:\/\/www.fu-berlin.de\/sites\/ub\">Universit\u00e4tsbibliothek<\/a> wegen Umbauarbeiten geschlossen. Ziel ist es, die Attraktivit\u00e4t dieses Bereichs durch die Bereitstellung geeigneter, moderner Lernr\u00e4ume zu erh\u00f6hen.<\/p>\n\n\n\n<p>Der erste Bauabschnitt mit einer Coworking-Zone im ehemaligen &#8222;Stillen Lesesaal&#8220; sowie neuen Gruppenarbeitsr\u00e4umen (&#8222;Labs&#8220;) ist nun fast abgeschlossen. Fehlen nur noch die M\u00f6bel!<\/p>\n\n\n\n<p>Mehr Informationen \u00fcber das Bauprojekt und Bilder finden Sie <a href=\"https:\/\/www.fu-berlin.de\/sites\/ub\/arbeitsplaetze\/lesesaal-umbau\/index.html\">hier<\/a>.<\/p>\n\n\n\n<figure class=\"wp-block-image size-large\"><img loading=\"lazy\" decoding=\"async\" width=\"2000\" height=\"1500\" src=\"https:\/\/blogs.fu-berlin.de\/bibliotheken\/files\/2021\/01\/ls_eingang_2021.jpg\" alt=\"\" class=\"wp-image-28153\" srcset=\"https:\/\/blogs.fu-berlin.de\/bibliotheken\/files\/2021\/01\/ls_eingang_2021.jpg 2000w, https:\/\/blogs.fu-berlin.de\/bibliotheken\/files\/2021\/01\/ls_eingang_2021-300x225.jpg 300w, https:\/\/blogs.fu-berlin.de\/bibliotheken\/files\/2021\/01\/ls_eingang_2021-1536x1152.jpg 1536w, https:\/\/blogs.fu-berlin.de\/bibliotheken\/files\/2021\/01\/ls_eingang_2021-1200x900.jpg 1200w\" sizes=\"auto, (max-width: 709px) 85vw, (max-width: 909px) 67vw, (max-width: 1362px) 62vw, 840px\" \/><figcaption>Neu gestalteter Eingangsbereich<br><\/figcaption><\/figure>\n\n\n\n<figure class=\"wp-block-image size-large\"><img loading=\"lazy\" decoding=\"async\" width=\"1920\" height=\"2560\" src=\"https:\/\/blogs.fu-berlin.de\/bibliotheken\/files\/2021\/01\/stiller_ls_2021-scaled.jpg\" alt=\"\" class=\"wp-image-28154\" srcset=\"https:\/\/blogs.fu-berlin.de\/bibliotheken\/files\/2021\/01\/stiller_ls_2021-scaled.jpg 1920w, https:\/\/blogs.fu-berlin.de\/bibliotheken\/files\/2021\/01\/stiller_ls_2021-225x300.jpg 225w, https:\/\/blogs.fu-berlin.de\/bibliotheken\/files\/2021\/01\/stiller_ls_2021-1152x1536.jpg 1152w, https:\/\/blogs.fu-berlin.de\/bibliotheken\/files\/2021\/01\/stiller_ls_2021-1536x2048.jpg 1536w, https:\/\/blogs.fu-berlin.de\/bibliotheken\/files\/2021\/01\/stiller_ls_2021-1200x1600.jpg 1200w\" sizes=\"auto, (max-width: 709px) 85vw, (max-width: 909px) 67vw, (max-width: 1362px) 62vw, 840px\" \/><figcaption>Blick in den geplanten Coworking-Bereich (ehemals &#8222;Stiller Lesesaal&#8220;)<\/figcaption><\/figure>\n\n\n\n<figure class=\"wp-block-image size-large\"><img loading=\"lazy\" decoding=\"async\" width=\"2000\" height=\"1500\" src=\"https:\/\/blogs.fu-berlin.de\/bibliotheken\/files\/2021\/01\/lab_2_2021.jpg\" alt=\"\" class=\"wp-image-28155\" srcset=\"https:\/\/blogs.fu-berlin.de\/bibliotheken\/files\/2021\/01\/lab_2_2021.jpg 2000w, https:\/\/blogs.fu-berlin.de\/bibliotheken\/files\/2021\/01\/lab_2_2021-300x225.jpg 300w, https:\/\/blogs.fu-berlin.de\/bibliotheken\/files\/2021\/01\/lab_2_2021-1536x1152.jpg 1536w, https:\/\/blogs.fu-berlin.de\/bibliotheken\/files\/2021\/01\/lab_2_2021-1200x900.jpg 1200w\" sizes=\"auto, (max-width: 709px) 85vw, (max-width: 909px) 67vw, (max-width: 1362px) 62vw, 840px\" \/><figcaption>Blick in einen der Gruppenarbeitsr\u00e4ume (&#8222;Labs&#8220;)<\/figcaption><\/figure>\n","protected":false},"excerpt":{"rendered":"<p>Seit Juni 2020 ist der Lesesaal der Universit\u00e4tsbibliothek wegen Umbauarbeiten geschlossen. Ziel ist es, die Attraktivit\u00e4t dieses Bereichs durch die Bereitstellung geeigneter, moderner Lernr\u00e4ume zu erh\u00f6hen. Der erste Bauabschnitt mit einer Coworking-Zone im ehemaligen &#8222;Stillen Lesesaal&#8220; sowie neuen Gruppenarbeitsr\u00e4umen (&#8222;Labs&#8220;) ist nun fast abgeschlossen. Fehlen nur noch die M\u00f6bel! Mehr Informationen \u00fcber das Bauprojekt und &hellip; <a href=\"https:\/\/blogs.fu-berlin.de\/bibliotheken\/2021\/01\/28\/lesesaal-umbau-in-der-universitaetsbibliothek\/\" class=\"more-link\"><span class=\"screen-reader-text\">\u201eLesesaal-Umbau in der Universit\u00e4tsbibliothek\u201c<\/span> weiterlesen<\/a><\/p>\n","protected":false},"author":293,"featured_media":28156,"comment_status":"open","ping_status":"open","sticky":false,"template":"","format":"standard","meta":{"footnotes":""},"categories":[9,601],"tags":[728,891],"class_list":["post-28152","post","type-post","status-publish","format-standard","has-post-thumbnail","hentry","category-allgemein","category-universitatsbibliothek","tag-lesesaal","tag-umbau"],"_links":{"self":[{"href":"https:\/\/blogs.fu-berlin.de\/bibliotheken\/wp-json\/wp\/v2\/posts\/28152","targetHints":{"allow":["GET"]}}],"collection":[{"href":"https:\/\/blogs.fu-berlin.de\/bibliotheken\/wp-json\/wp\/v2\/posts"}],"about":[{"href":"https:\/\/blogs.fu-berlin.de\/bibliotheken\/wp-json\/wp\/v2\/types\/post"}],"author":[{"embeddable":true,"href":"https:\/\/blogs.fu-berlin.de\/bibliotheken\/wp-json\/wp\/v2\/users\/293"}],"replies":[{"embeddable":true,"href":"https:\/\/blogs.fu-berlin.de\/bibliotheken\/wp-json\/wp\/v2\/comments?post=28152"}],"version-history":[{"count":4,"href":"https:\/\/blogs.fu-berlin.de\/bibliotheken\/wp-json\/wp\/v2\/posts\/28152\/revisions"}],"predecessor-version":[{"id":28160,"href":"https:\/\/blogs.fu-berlin.de\/bibliotheken\/wp-json\/wp\/v2\/posts\/28152\/revisions\/28160"}],"wp:featuredmedia":[{"embeddable":true,"href":"https:\/\/blogs.fu-berlin.de\/bibliotheken\/wp-json\/wp\/v2\/media\/28156"}],"wp:attachment":[{"href":"https:\/\/blogs.fu-berlin.de\/bibliotheken\/wp-json\/wp\/v2\/media?parent=28152"}],"wp:term":[{"taxonomy":"category","embeddable":true,"href":"https:\/\/blogs.fu-berlin.de\/bibliotheken\/wp-json\/wp\/v2\/categories?post=28152"},{"taxonomy":"post_tag","embeddable":true,"href":"https:\/\/blogs.fu-berlin.de\/bibliotheken\/wp-json\/wp\/v2\/tags?post=28152"}],"curies":[{"name":"wp","href":"https:\/\/api.w.org\/{rel}","templated":true}]}}