{"id":28219,"date":"2021-02-21T08:06:00","date_gmt":"2021-02-21T07:06:00","guid":{"rendered":"https:\/\/blogs.fu-berlin.de\/bibliotheken\/?p=28219"},"modified":"2021-02-05T11:10:06","modified_gmt":"2021-02-05T10:10:06","slug":"tag-der-muttersprachen-am-21-februar","status":"publish","type":"post","link":"https:\/\/blogs.fu-berlin.de\/bibliotheken\/2021\/02\/21\/tag-der-muttersprachen-am-21-februar\/","title":{"rendered":"Tag der Muttersprachen am 21. Februar"},"content":{"rendered":"\n<div class=\"wp-block-image\"><figure class=\"alignright size-medium\"><img loading=\"lazy\" decoding=\"async\" width=\"300\" height=\"200\" src=\"https:\/\/blogs.fu-berlin.de\/bibliotheken\/files\/2021\/02\/joshua-hoehne-Dh7gzpVpdWQ-unsplash-300x200.jpg\" alt=\"\" class=\"wp-image-28220\" srcset=\"https:\/\/blogs.fu-berlin.de\/bibliotheken\/files\/2021\/02\/joshua-hoehne-Dh7gzpVpdWQ-unsplash-300x200.jpg 300w, https:\/\/blogs.fu-berlin.de\/bibliotheken\/files\/2021\/02\/joshua-hoehne-Dh7gzpVpdWQ-unsplash-1536x1024.jpg 1536w, https:\/\/blogs.fu-berlin.de\/bibliotheken\/files\/2021\/02\/joshua-hoehne-Dh7gzpVpdWQ-unsplash-2048x1365.jpg 2048w, https:\/\/blogs.fu-berlin.de\/bibliotheken\/files\/2021\/02\/joshua-hoehne-Dh7gzpVpdWQ-unsplash-1200x800.jpg 1200w\" sizes=\"auto, (max-width: 300px) 85vw, 300px\" \/><figcaption>Photo by Joshua Hoehne on Unsplash<\/figcaption><\/figure><\/div>\n\n\n\n<p>Heute ist <a href=\"https:\/\/www.un.org\/en\/observances\/mother-language-day\">der Internationale Tag der Muttersprachen<\/a>! Das Wort \u201aSprache\u2018 steht f\u00fcr Identit\u00e4t, Kommunikation, Integration, Bildung und Entwicklung. Auf der Welt gibt es gesch\u00e4tzt 6000 Sprachen. Leider verschwinden manche Sprachen komplett aus der Welt und mit diesen auch die reiche kulturelle Vielfalt der Welt. Mindestens 43 % dieser Muttersprachen sind vom Aussterben bedroht (siehe dazu: <a href=\"http:\/\/www.unesco.org\/languages-atlas\/en\/statistics.html\">UNESCO-Atlas der gef\u00e4hrdeten Sprachen der Welt<\/a>).<\/p>\n\n\n\n<p>Weltweit haben ca. 40 % der Bev\u00f6lkerung keine M\u00f6glichkeit, eine Ausbildung in ihrer eigenen Sprache zu erlernen.<\/p>\n\n\n\n<p>Wieso wird der Internationale Tag der Muttersprachen \u00fcberhaupt gefeiert?<\/p>\n\n\n\n<p>1952 beschloss die Regierung des damaligen Pakistans (heutige Gebiets von Bangladesch) die Erhebung von Urdu zur alleinigen Amtssprache. Am 21. Februar schoss die Polizei in Dhaka auf Demonstranten, wobei es zu Toten kam.<\/p>\n\n\n\n<p>Die sprachliche und kulturelle Unterdr\u00fcckung Ostpakistans f\u00fchrte 1971 zur Abspaltung und Gr\u00fcndung von Bangladesch. Auf Antrag von Bangladesch wurde dieser Tag im November 1999 von der UNESCO zum internationalen Tag der Muttersprache erkl\u00e4rt.<\/p>\n\n\n\n<p>Am 16. Mai 2007 rief die Generalversammlung der Vereinten Nationen die Mitgliedsstaaten <a href=\"http:\/\/undocs.org\/A\/RES\/61\/266\">in einer Resolution<\/a> auf, die Erhaltung und den Schutz aller von den V\u00f6lkern der Welt verwendeten Sprachen zu f\u00f6rdern.<\/p>\n\n\n\n<p>Dieser Blog-Beitrag wurde von Herr Mehmet Altin (Auszubildender im 3. Lehrjahr) geschrieben.<\/p>\n","protected":false},"excerpt":{"rendered":"<p>Heute ist der Internationale Tag der Muttersprachen! Das Wort \u201aSprache\u2018 steht f\u00fcr Identit\u00e4t, Kommunikation, Integration, Bildung und Entwicklung. Auf der Welt gibt es gesch\u00e4tzt 6000 Sprachen. Leider verschwinden manche Sprachen komplett aus der Welt und mit diesen auch die reiche kulturelle Vielfalt der Welt. Mindestens 43 % dieser Muttersprachen sind vom Aussterben bedroht (siehe dazu: &hellip; <a href=\"https:\/\/blogs.fu-berlin.de\/bibliotheken\/2021\/02\/21\/tag-der-muttersprachen-am-21-februar\/\" class=\"more-link\"><span class=\"screen-reader-text\">\u201eTag der Muttersprachen am 21. Februar\u201c<\/span> weiterlesen<\/a><\/p>\n","protected":false},"author":3230,"featured_media":0,"comment_status":"open","ping_status":"open","sticky":false,"template":"","format":"standard","meta":{"footnotes":""},"categories":[604],"tags":[10098,970,218440,12086],"class_list":["post-28219","post","type-post","status-publish","format-standard","hentry","category-ins-netz-geschaut","tag-sprache","tag-unesco","tag-united-nations","tag-vereinte-nationen"],"_links":{"self":[{"href":"https:\/\/blogs.fu-berlin.de\/bibliotheken\/wp-json\/wp\/v2\/posts\/28219","targetHints":{"allow":["GET"]}}],"collection":[{"href":"https:\/\/blogs.fu-berlin.de\/bibliotheken\/wp-json\/wp\/v2\/posts"}],"about":[{"href":"https:\/\/blogs.fu-berlin.de\/bibliotheken\/wp-json\/wp\/v2\/types\/post"}],"author":[{"embeddable":true,"href":"https:\/\/blogs.fu-berlin.de\/bibliotheken\/wp-json\/wp\/v2\/users\/3230"}],"replies":[{"embeddable":true,"href":"https:\/\/blogs.fu-berlin.de\/bibliotheken\/wp-json\/wp\/v2\/comments?post=28219"}],"version-history":[{"count":1,"href":"https:\/\/blogs.fu-berlin.de\/bibliotheken\/wp-json\/wp\/v2\/posts\/28219\/revisions"}],"predecessor-version":[{"id":28221,"href":"https:\/\/blogs.fu-berlin.de\/bibliotheken\/wp-json\/wp\/v2\/posts\/28219\/revisions\/28221"}],"wp:attachment":[{"href":"https:\/\/blogs.fu-berlin.de\/bibliotheken\/wp-json\/wp\/v2\/media?parent=28219"}],"wp:term":[{"taxonomy":"category","embeddable":true,"href":"https:\/\/blogs.fu-berlin.de\/bibliotheken\/wp-json\/wp\/v2\/categories?post=28219"},{"taxonomy":"post_tag","embeddable":true,"href":"https:\/\/blogs.fu-berlin.de\/bibliotheken\/wp-json\/wp\/v2\/tags?post=28219"}],"curies":[{"name":"wp","href":"https:\/\/api.w.org\/{rel}","templated":true}]}}