{"id":28234,"date":"2021-02-17T13:09:46","date_gmt":"2021-02-17T12:09:46","guid":{"rendered":"https:\/\/blogs.fu-berlin.de\/bibliotheken\/?p=28234"},"modified":"2021-02-17T13:09:46","modified_gmt":"2021-02-17T12:09:46","slug":"zwei-bibliotheksreferendar-innen-m-w-d-in-vollzeitbeschaeftigung-gesucht","status":"publish","type":"post","link":"https:\/\/blogs.fu-berlin.de\/bibliotheken\/2021\/02\/17\/zwei-bibliotheksreferendar-innen-m-w-d-in-vollzeitbeschaeftigung-gesucht\/","title":{"rendered":"Zwei Bibliotheksreferendar\/-innen (m\/w\/d) in Vollzeitbesch\u00e4ftigung gesucht"},"content":{"rendered":"\n<p>Noch <strong>bis 19. Februar 2021<\/strong> k\u00f6nnen Sie sich auf <a href=\"https:\/\/www.fu-berlin.de\/sites\/ub\/ueber-uns\/stellen#ref\">zwei Stellenangebote f\u00fcr Bibliotheksreferendar\/-innen<\/a> (m\/w\/d) in Vollzeitbesch\u00e4ftigung (befristet bis 30.09.2023) bewerben.<\/p>\n\n\n\n<p>Der Vorbereitungsdienst vermittelt den Bibliotheksreferendarinnen und Bibliotheksreferendaren die wissenschaftlichen Erkenntnisse und Methoden sowie die berufspraktischen F\u00e4higkeiten und Kenntnisse, die zur Erf\u00fcllung der Aufgaben in ihrer Laufbahn erforderlich sind.<\/p>\n\n\n\n<p>Voraussetzung ist ein abgeschlossenes Studium vorzugsweise mit einem Mastergrad der Informatik, oder eines medien-, informations- oder kommunikationswissenschaftlichen Studienganges, eine gleichwertige Diplompr\u00fcfung, eine erste Staatspr\u00fcfung oder eine Magisterpr\u00fcfung sowie gr\u00fcndliche Kenntnisse der englischen Sprache.<\/p>\n\n\n\n<p>Aus gegebenen Anlass bitten wir Sie, sich elektronisch per E-Mail zu bewerben. Die Bearbeitung einer postalischen Bewerbung kann nicht sichergestellt werden.<br><br>Bildquelle: <a href=\"https:\/\/pixabay.com\/de\/illustrations\/schild-arbeit-einstellung-1020318\/\">Pixabay.com<\/a><\/p>\n","protected":false},"excerpt":{"rendered":"<p>Noch bis 19. Februar 2021 k\u00f6nnen Sie sich auf zwei Stellenangebote f\u00fcr Bibliotheksreferendar\/-innen (m\/w\/d) in Vollzeitbesch\u00e4ftigung (befristet bis 30.09.2023) bewerben. Der Vorbereitungsdienst vermittelt den Bibliotheksreferendarinnen und Bibliotheksreferendaren die wissenschaftlichen Erkenntnisse und Methoden sowie die berufspraktischen F\u00e4higkeiten und Kenntnisse, die zur Erf\u00fcllung der Aufgaben in ihrer Laufbahn erforderlich sind. Voraussetzung ist ein abgeschlossenes Studium vorzugsweise mit &hellip; <a href=\"https:\/\/blogs.fu-berlin.de\/bibliotheken\/2021\/02\/17\/zwei-bibliotheksreferendar-innen-m-w-d-in-vollzeitbeschaeftigung-gesucht\/\" class=\"more-link\"><span class=\"screen-reader-text\">\u201eZwei Bibliotheksreferendar\/-innen (m\/w\/d) in Vollzeitbesch\u00e4ftigung gesucht\u201c<\/span> weiterlesen<\/a><\/p>\n","protected":false},"author":293,"featured_media":28235,"comment_status":"open","ping_status":"open","sticky":false,"template":"","format":"standard","meta":{"footnotes":""},"categories":[9,599,601],"tags":[12014,2362],"class_list":["post-28234","post","type-post","status-publish","format-standard","has-post-thumbnail","hentry","category-allgemein","category-bibliothekswesen","category-universitatsbibliothek","tag-bibliotheksreferendariat","tag-stellenausschreibung"],"_links":{"self":[{"href":"https:\/\/blogs.fu-berlin.de\/bibliotheken\/wp-json\/wp\/v2\/posts\/28234","targetHints":{"allow":["GET"]}}],"collection":[{"href":"https:\/\/blogs.fu-berlin.de\/bibliotheken\/wp-json\/wp\/v2\/posts"}],"about":[{"href":"https:\/\/blogs.fu-berlin.de\/bibliotheken\/wp-json\/wp\/v2\/types\/post"}],"author":[{"embeddable":true,"href":"https:\/\/blogs.fu-berlin.de\/bibliotheken\/wp-json\/wp\/v2\/users\/293"}],"replies":[{"embeddable":true,"href":"https:\/\/blogs.fu-berlin.de\/bibliotheken\/wp-json\/wp\/v2\/comments?post=28234"}],"version-history":[{"count":1,"href":"https:\/\/blogs.fu-berlin.de\/bibliotheken\/wp-json\/wp\/v2\/posts\/28234\/revisions"}],"predecessor-version":[{"id":28236,"href":"https:\/\/blogs.fu-berlin.de\/bibliotheken\/wp-json\/wp\/v2\/posts\/28234\/revisions\/28236"}],"wp:featuredmedia":[{"embeddable":true,"href":"https:\/\/blogs.fu-berlin.de\/bibliotheken\/wp-json\/wp\/v2\/media\/28235"}],"wp:attachment":[{"href":"https:\/\/blogs.fu-berlin.de\/bibliotheken\/wp-json\/wp\/v2\/media?parent=28234"}],"wp:term":[{"taxonomy":"category","embeddable":true,"href":"https:\/\/blogs.fu-berlin.de\/bibliotheken\/wp-json\/wp\/v2\/categories?post=28234"},{"taxonomy":"post_tag","embeddable":true,"href":"https:\/\/blogs.fu-berlin.de\/bibliotheken\/wp-json\/wp\/v2\/tags?post=28234"}],"curies":[{"name":"wp","href":"https:\/\/api.w.org\/{rel}","templated":true}]}}