{"id":28332,"date":"2021-03-16T08:45:00","date_gmt":"2021-03-16T07:45:00","guid":{"rendered":"https:\/\/blogs.fu-berlin.de\/bibliotheken\/?p=28332"},"modified":"2021-03-17T14:41:57","modified_gmt":"2021-03-17T13:41:57","slug":"globaler-klimastreik-am-19-03-2021","status":"publish","type":"post","link":"https:\/\/blogs.fu-berlin.de\/bibliotheken\/2021\/03\/16\/globaler-klimastreik-am-19-03-2021\/","title":{"rendered":"Globaler Klimastreik am 19.03.2021"},"content":{"rendered":"\n<div class=\"wp-block-image\"><figure class=\"aligncenter size-large\"><img loading=\"lazy\" decoding=\"async\" width=\"1375\" height=\"279\" src=\"https:\/\/blogs.fu-berlin.de\/bibliotheken\/files\/2021\/03\/L4FStreik2021.jpg\" alt=\"\" class=\"wp-image-28333\" srcset=\"https:\/\/blogs.fu-berlin.de\/bibliotheken\/files\/2021\/03\/L4FStreik2021.jpg 1375w, https:\/\/blogs.fu-berlin.de\/bibliotheken\/files\/2021\/03\/L4FStreik2021-300x61.jpg 300w, https:\/\/blogs.fu-berlin.de\/bibliotheken\/files\/2021\/03\/L4FStreik2021-1200x243.jpg 1200w\" sizes=\"auto, (max-width: 709px) 85vw, (max-width: 909px) 67vw, (max-width: 1362px) 62vw, 840px\" \/><\/figure><\/div>\n\n\n\n<p>Am 19.03.2021 wird weiter f\u00fcr die Rettung des globalen Klimas gestreikt. Vorrangig online werden weltweit Statements ver\u00f6ffentlicht, um f\u00fcr das gesetzte 1,5-Grad-Ziel zu k\u00e4mpfen. Die Initiative Libraries4Future (L4F) hat es sich zur Aufgabe gemacht, Bibliotheken und deren Mitarbeiter*innen, Studierende und Auszubildende in Bibliothekspraxis und -forschung weltweit als Akteur*innen f\u00fcr den Klima- und Ressourcenschutz zu positionieren. Gemeinsam mit \u201eFridays for Future\u201c \u2013 fordert L4F die politisch Verantwortlichen in aller Welt auf, sich vehement f\u00fcr eine angemessene Politik zur Bew\u00e4ltigung der Klimakrise einzusetzen!<\/p>\n\n\n\n<p>Im Angesicht der Leugnung des Klimawandels ist es eine Aufgabe von Bibliotheken weltweit, sich durch die Bereitstellung von Fakten, Bildungsangeboten und als Plattform f\u00fcr den gesellschaftlichen Diskurs aktiv einzubringen.<\/p>\n\n\n\n<p>Die globalen Emissionen sind schon jetzt h\u00f6her als vor Corona. Man spricht vom \u201eworst case\u201c Szenario. Aber es geht anders, eine klimagerechte Welt ist m\u00f6glich. Bibliotheken haben Potenziale, eine starke Rolle in Bezug auf soziale und \u00f6kologische Nachhaltigkeit einzunehmen. Es sollte mehr dar\u00fcber gesprochen werden, was Bibliotheken bereits tun. Die Wahrnehmung von diesen Potenzialen in Bibliotheken muss erh\u00f6ht werden. <\/p>\n\n\n\n<p>Wenn Sie die Klimabewegung und Libraries4Future unterst\u00fctzen m\u00f6chten, senden Sie ein Bild mit einem Statement, das im Blog und auf den Kan\u00e4len von Libraries4Future am 19.03.2021 ver\u00f6ffentlicht werden kann: <a href=\"mailto:info@libraries4future.org\" target=\"_blank\" rel=\"noreferrer noopener\">info@libraries4future.org<\/a><a href=\"mailto:info@libraries4future.org\"> <\/a><\/p>\n\n\n\n<p>Weiterf\u00fchrende Information zur Initiative:<\/p>\n\n\n\n<p><a href=\"https:\/\/libreas.eu\/ausgabe38\/wagner\/\">https:\/\/libreas.eu\/ausgabe38\/wagner\/<\/a><\/p>\n\n\n\n<p><a href=\"https:\/\/libreas.eu\/ausgabe38\/schumann\/\">https:\/\/libreas.eu\/ausgabe38\/schumann\/<\/a><\/p>\n\n\n\n<p><a href=\"https:\/\/libraries4future.org\/\">https:\/\/libraries4future.org\/<\/a><\/p>\n\n\n\n<figure class=\"wp-block-image size-large\"><img loading=\"lazy\" decoding=\"async\" width=\"1800\" height=\"1273\" src=\"https:\/\/blogs.fu-berlin.de\/bibliotheken\/files\/2021\/03\/Netzstreik2020.jpg\" alt=\"\" class=\"wp-image-28334\" srcset=\"https:\/\/blogs.fu-berlin.de\/bibliotheken\/files\/2021\/03\/Netzstreik2020.jpg 1800w, https:\/\/blogs.fu-berlin.de\/bibliotheken\/files\/2021\/03\/Netzstreik2020-300x212.jpg 300w, https:\/\/blogs.fu-berlin.de\/bibliotheken\/files\/2021\/03\/Netzstreik2020-1536x1086.jpg 1536w, https:\/\/blogs.fu-berlin.de\/bibliotheken\/files\/2021\/03\/Netzstreik2020-1200x849.jpg 1200w\" sizes=\"auto, (max-width: 709px) 85vw, (max-width: 909px) 67vw, (max-width: 1362px) 62vw, 840px\" \/><figcaption>Online Streik 2020 von Mitgliedern des Netzwerks Gr\u00fcne Bibliothek und Libraries4Future<\/figcaption><\/figure>\n","protected":false},"excerpt":{"rendered":"<p>Am 19.03.2021 wird weiter f\u00fcr die Rettung des globalen Klimas gestreikt. Vorrangig online werden weltweit Statements ver\u00f6ffentlicht, um f\u00fcr das gesetzte 1,5-Grad-Ziel zu k\u00e4mpfen. Die Initiative Libraries4Future (L4F) hat es sich zur Aufgabe gemacht, Bibliotheken und deren Mitarbeiter*innen, Studierende und Auszubildende in Bibliothekspraxis und -forschung weltweit als Akteur*innen f\u00fcr den Klima- und Ressourcenschutz zu positionieren. &hellip; <a href=\"https:\/\/blogs.fu-berlin.de\/bibliotheken\/2021\/03\/16\/globaler-klimastreik-am-19-03-2021\/\" class=\"more-link\"><span class=\"screen-reader-text\">\u201eGlobaler Klimastreik am 19.03.2021\u201c<\/span> weiterlesen<\/a><\/p>\n","protected":false},"author":5902,"featured_media":0,"comment_status":"open","ping_status":"open","sticky":false,"template":"","format":"standard","meta":{"footnotes":""},"categories":[9],"tags":[368527,368526,368523,368522,368521,368524],"class_list":["post-28332","post","type-post","status-publish","format-standard","hentry","category-allgemein","tag-anotherworldispossible","tag-fightfor1point5","tag-forfuture","tag-klimakrise","tag-klimastreik","tag-libraries4future"],"_links":{"self":[{"href":"https:\/\/blogs.fu-berlin.de\/bibliotheken\/wp-json\/wp\/v2\/posts\/28332","targetHints":{"allow":["GET"]}}],"collection":[{"href":"https:\/\/blogs.fu-berlin.de\/bibliotheken\/wp-json\/wp\/v2\/posts"}],"about":[{"href":"https:\/\/blogs.fu-berlin.de\/bibliotheken\/wp-json\/wp\/v2\/types\/post"}],"author":[{"embeddable":true,"href":"https:\/\/blogs.fu-berlin.de\/bibliotheken\/wp-json\/wp\/v2\/users\/5902"}],"replies":[{"embeddable":true,"href":"https:\/\/blogs.fu-berlin.de\/bibliotheken\/wp-json\/wp\/v2\/comments?post=28332"}],"version-history":[{"count":10,"href":"https:\/\/blogs.fu-berlin.de\/bibliotheken\/wp-json\/wp\/v2\/posts\/28332\/revisions"}],"predecessor-version":[{"id":28352,"href":"https:\/\/blogs.fu-berlin.de\/bibliotheken\/wp-json\/wp\/v2\/posts\/28332\/revisions\/28352"}],"wp:attachment":[{"href":"https:\/\/blogs.fu-berlin.de\/bibliotheken\/wp-json\/wp\/v2\/media?parent=28332"}],"wp:term":[{"taxonomy":"category","embeddable":true,"href":"https:\/\/blogs.fu-berlin.de\/bibliotheken\/wp-json\/wp\/v2\/categories?post=28332"},{"taxonomy":"post_tag","embeddable":true,"href":"https:\/\/blogs.fu-berlin.de\/bibliotheken\/wp-json\/wp\/v2\/tags?post=28332"}],"curies":[{"name":"wp","href":"https:\/\/api.w.org\/{rel}","templated":true}]}}