{"id":28348,"date":"2021-03-18T09:56:17","date_gmt":"2021-03-18T08:56:17","guid":{"rendered":"https:\/\/blogs.fu-berlin.de\/bibliotheken\/?p=28348"},"modified":"2021-03-18T09:57:43","modified_gmt":"2021-03-18T08:57:43","slug":"eu-un-interdisziplinaere-lehrveranstaltungen-im","status":"publish","type":"post","link":"https:\/\/blogs.fu-berlin.de\/bibliotheken\/2021\/03\/18\/eu-un-interdisziplinaere-lehrveranstaltungen-im\/","title":{"rendered":"EU &#8211; UN: Interdisziplin\u00e4re Lehrveranstaltungen im Sommersemester 2021"},"content":{"rendered":"\n<p>Im Sommersemester 2021 werden wieder zwei Lehrveranstaltungen zu UN-EU-Themen angeboten, die wir Ihnen gerne ans Herz legen: <\/p>\n\n\n\n<h2 class=\"wp-block-heading\">The EU27 &#8211; The Future of Europe<\/h2>\n\n\n\n<p>Das\u00a0<a rel=\"noreferrer noopener\" href=\"https:\/\/www.fu-berlin.de\/sites\/mun\/eu\/index.html\" target=\"_blank\">Model European Union<\/a>\u00a0l\u00e4dt Studierende im Sommersemester 2021 ein, an einem simulierten <a rel=\"noreferrer noopener\" href=\"https:\/\/www.fu-berlin.de\/sites\/mun\/news\/2021_03_09_MEU.html\" target=\"_blank\">Treffen des Europ\u00e4ischen Rates<\/a> teilzunehmen und Fragen zu Europas Zukunft zu diskutieren. Delegationen aus 1-2 Personen vertreten einen z. B. einen Mitgliedsstaat oder die Pr\u00e4sidentin der Europ\u00e4ischen Kommission. Die Konferenzsprache ist Englisch.<br>Studierende aller Fakult\u00e4ten k\u00f6nnen sich <strong>bis zum 6. April 2021<\/strong> um eine Teilnahme bewerben.\u00a0Das Seminar besteht aus zwei Teilen &#8211; einer ausf\u00fchrlichen Vorbereitung und den simulierten Ratstreffen &#8211; mit w\u00f6chentlichen Sitzungen, die freitags von 12 bis 14 Uhr stattfinden. <br>F\u00fcr das Seminar k\u00f6nnen <strong>5 ECTS-Credits <\/strong>vergeben werden (Schl\u00fcsselqualifikationsschein, Rechtswissenschaftliche Fakult\u00e4t).<\/p>\n\n\n\n<h2 class=\"wp-block-heading\">The United Nations and the Sustainable Development Goals<\/h2>\n\n\n\n<div class=\"wp-block-image\"><figure class=\"alignright size-large is-resized\"><img loading=\"lazy\" decoding=\"async\" src=\"https:\/\/blogs.fu-berlin.de\/bibliotheken\/files\/2021\/03\/E-SDG-Poster-2019_without-UN-emblem_PRINT_546.jpg\" alt=\"\" class=\"wp-image-28355\" width=\"283\" height=\"200\" srcset=\"https:\/\/blogs.fu-berlin.de\/bibliotheken\/files\/2021\/03\/E-SDG-Poster-2019_without-UN-emblem_PRINT_546.jpg 546w, https:\/\/blogs.fu-berlin.de\/bibliotheken\/files\/2021\/03\/E-SDG-Poster-2019_without-UN-emblem_PRINT_546-300x212.jpg 300w\" sizes=\"auto, (max-width: 283px) 85vw, 283px\" \/><figcaption>Quelle: un.org<\/figcaption><\/figure><\/div>\n\n\n\n<p>2015 haben die Mitgliedstaaten der Vereinten Nationen die<a rel=\"noreferrer noopener\" href=\"https:\/\/www.un.org\/Depts\/german\/gv-70\/band1\/ar70001.pdf\" target=\"_blank\"> Agenda 2030<\/a> f\u00fcr nachhaltige Entwicklung verabschiedet. Sie enth\u00e4lt 17 Ziele (Sustainable Development Goals, SDGs), die darauf abzielen, Armut und Hunger zu verringern und Gesundheit, Bildung und nachhaltige Entwicklungen zu f\u00f6rdern. <br>In dem englischsprachigen Seminar <a rel=\"noreferrer noopener\" href=\"https:\/\/www.fu-berlin.de\/sites\/mun\/news\/2021_03_09-SDGs.html\" target=\"_blank\">The United Nations and the Sustainable Development Goals<\/a> werden die 17 SDGs in Zweier-Teams betrachtet. Erfolgreich Teilnehmende erhalten <strong>5 ECTS-Credits<\/strong> und einen \u201eNachweis der juristischen Sprachkenntnisse in Englisch\u201c gem\u00e4\u00df \u00a7 8 Abs. 2 der Studienordnung. Die Online-Kurse finden montags von 14 bis 16 Uhr statt. <\/p>\n\n\n\n<div class=\"wp-block-group is-layout-flow wp-block-group-is-layout-flow\"><div class=\"wp-block-group__inner-container\"><\/div><\/div>\n\n\n\n<p>F\u00fcr Fragen wenden Sie sich bitte an: <br><a rel=\"noreferrer noopener\" href=\"https:\/\/www.fu-berlin.de\/sites\/mun\/mitarbeiter\/pwittke\/index.html\" target=\"_blank\">Dr. Peggy Wittke<\/a><br>Model United Nations \/ Model European Union<br>Rechtswissenschaftliche Fakult\u00e4t, FU Berlin<\/p>\n\n\n\n<p><\/p>\n","protected":false},"excerpt":{"rendered":"<p>Im Sommersemester 2021 werden wieder zwei Lehrveranstaltungen zu UN-EU-Themen angeboten, die wir Ihnen gerne ans Herz legen: The EU27 &#8211; The Future of Europe Das\u00a0Model European Union\u00a0l\u00e4dt Studierende im Sommersemester 2021 ein, an einem simulierten Treffen des Europ\u00e4ischen Rates teilzunehmen und Fragen zu Europas Zukunft zu diskutieren. Delegationen aus 1-2 Personen vertreten einen z. B. &hellip; <a href=\"https:\/\/blogs.fu-berlin.de\/bibliotheken\/2021\/03\/18\/eu-un-interdisziplinaere-lehrveranstaltungen-im\/\" class=\"more-link\"><span class=\"screen-reader-text\">\u201eEU &#8211; UN: Interdisziplin\u00e4re Lehrveranstaltungen im Sommersemester 2021\u201c<\/span> weiterlesen<\/a><\/p>\n","protected":false},"author":1427,"featured_media":0,"comment_status":"open","ping_status":"open","sticky":false,"template":"","format":"standard","meta":{"footnotes":""},"categories":[9,491],"tags":[1977,191251,218499,12086],"class_list":["post-28348","post","type-post","status-publish","format-standard","hentry","category-allgemein","category-lernangebote-kurse","tag-europaische-union","tag-europaeischer-rat","tag-model-european-union","tag-vereinte-nationen"],"_links":{"self":[{"href":"https:\/\/blogs.fu-berlin.de\/bibliotheken\/wp-json\/wp\/v2\/posts\/28348","targetHints":{"allow":["GET"]}}],"collection":[{"href":"https:\/\/blogs.fu-berlin.de\/bibliotheken\/wp-json\/wp\/v2\/posts"}],"about":[{"href":"https:\/\/blogs.fu-berlin.de\/bibliotheken\/wp-json\/wp\/v2\/types\/post"}],"author":[{"embeddable":true,"href":"https:\/\/blogs.fu-berlin.de\/bibliotheken\/wp-json\/wp\/v2\/users\/1427"}],"replies":[{"embeddable":true,"href":"https:\/\/blogs.fu-berlin.de\/bibliotheken\/wp-json\/wp\/v2\/comments?post=28348"}],"version-history":[{"count":12,"href":"https:\/\/blogs.fu-berlin.de\/bibliotheken\/wp-json\/wp\/v2\/posts\/28348\/revisions"}],"predecessor-version":[{"id":28371,"href":"https:\/\/blogs.fu-berlin.de\/bibliotheken\/wp-json\/wp\/v2\/posts\/28348\/revisions\/28371"}],"wp:attachment":[{"href":"https:\/\/blogs.fu-berlin.de\/bibliotheken\/wp-json\/wp\/v2\/media?parent=28348"}],"wp:term":[{"taxonomy":"category","embeddable":true,"href":"https:\/\/blogs.fu-berlin.de\/bibliotheken\/wp-json\/wp\/v2\/categories?post=28348"},{"taxonomy":"post_tag","embeddable":true,"href":"https:\/\/blogs.fu-berlin.de\/bibliotheken\/wp-json\/wp\/v2\/tags?post=28348"}],"curies":[{"name":"wp","href":"https:\/\/api.w.org\/{rel}","templated":true}]}}