{"id":28401,"date":"2021-04-23T09:00:00","date_gmt":"2021-04-23T08:00:00","guid":{"rendered":"https:\/\/blogs.fu-berlin.de\/bibliotheken\/?p=28401"},"modified":"2021-04-23T09:44:02","modified_gmt":"2021-04-23T08:44:02","slug":"buecher-sind-ein-tor-zur-welt-die-unesco-laedt-ein-zum-16-welttag-des-buches","status":"publish","type":"post","link":"https:\/\/blogs.fu-berlin.de\/bibliotheken\/2021\/04\/23\/buecher-sind-ein-tor-zur-welt-die-unesco-laedt-ein-zum-16-welttag-des-buches\/","title":{"rendered":"B\u00fccher sind ein Tor zur Welt &#8211; die UNESCO l\u00e4dt ein zum Welttag des Buches"},"content":{"rendered":"\n<p>Mehr als ein Sommernachtstraum \u2013 der offizielle Todestag der Weltlegenden Shakespeare und Miguel de Cervantes ist gewiss kein Tag zum Trauern. Ganz im Gegenteil denn seit 1995 dreht sich der 23. April nicht nur um literarische Klassiker, sondern auch um ihre Autorinnen und Autoren.<\/p>\n\n\n\n<p>Auch dieses Jahr findet am 23. April offiziell der \u201e<a href=\"https:\/\/www.welttag-des-buches.de\/welttag-des-buches\">Welttag des Buches<\/a>\u201c statt. Der durch die UNESCO ins Leben gerufene Feiertag gilt als Feiertag f\u00fcr das Lesen, f\u00fcr B\u00fccher im Allgemeinen, f\u00fcr die Kultur des geschriebenen Wortes und f\u00fcr die Rechte aller Autor*innen weltweit. In Anlehnung an den katalanischen Brauch zum Namenstag von St. Georg werden an diesem Tag seitens der UN-Organisation f\u00fcr Kultur und Bildung Rosen und B\u00fccher verschenkt.<\/p>\n\n\n\n<p>Auch weitere Organisationen lassen sich jedes Jahr aufs Neue dazu inspirieren. Die <a href=\"https:\/\/www.stiftunglesen.de\/aktionen\/welttagdesbuches\/\">Stiftung Lesen<\/a> und der B\u00f6rsenverein des Deutschen Buchhandels publizieren j\u00e4hrlich zum Welttag des Buches einen neuen Titel der Reihe \u201eIch schenk dir eine Geschichte\u201c. Die in diesem Rahmen entstandenen Geschichten werden von beliebten Kinderbuchautor*innen eigens f\u00fcr diesen Feiertag geschrieben und haben schon so manchen kleinen Leser sehr erfreut. Haupts\u00e4chlich in den \u00d6ffentlichen Bibliotheken werden die B\u00fccher am Welttag des Buches an Kinder und Jugendliche verschenkt.<\/p>\n\n\n\n<p>Aber auch f\u00fcr die gro\u00dfen Leser gibt es vielf\u00e4ltige Angebote rund um den Welttag. Bibliotheken, Buchhandlungen und Verlage laden zu einer Vielzahl von Veranstaltungen wie Lesungen, Mitmachwerkst\u00e4tten und F\u00fchrungen ein.<\/p>\n\n\n\n<p>Wenn auch dieses Jahr pandemiebedingt alles ungewohnter abl\u00e4uft als sonst, steht dennoch fest: das Lesen wird heute gefeiert! Denn egal ob in der Bibliothek, im Verlag oder bequem zuhause auf der Couch \u2013 ein gutes Buch macht Freude, regt die Kreativit\u00e4t an, kann bilden und es ist wissenschaftlich erwiesen: unser Stresslevel reduziert sich schon nach wenigen Minuten, wenn wir B\u00fccher lesen.<\/p>\n\n\n\n<p>Dieser Blogbeitrag wurde von den Auszubildenden des 3. Lehrjahres, Jessica Herber und Jessica Zydek im Rahmen der Projektwoche \u00d6ffentlichkeitsarbeit verfasst.<\/p>\n\n\n\n<div class=\"wp-block-image\"><figure class=\"alignleft size-large is-resized\"><a href=\"https:\/\/pixabay.com\/de\/photos\/buch-seiten-lesen-bildung-roman-5178205\/\"><img loading=\"lazy\" decoding=\"async\" src=\"https:\/\/blogs.fu-berlin.de\/bibliotheken\/files\/2021\/03\/DSC04371-scaled.jpg\" alt=\"\" class=\"wp-image-28406\" width=\"422\" height=\"596\" srcset=\"https:\/\/blogs.fu-berlin.de\/bibliotheken\/files\/2021\/03\/DSC04371-scaled.jpg 1812w, https:\/\/blogs.fu-berlin.de\/bibliotheken\/files\/2021\/03\/DSC04371-212x300.jpg 212w, https:\/\/blogs.fu-berlin.de\/bibliotheken\/files\/2021\/03\/DSC04371-1087x1536.jpg 1087w, https:\/\/blogs.fu-berlin.de\/bibliotheken\/files\/2021\/03\/DSC04371-1449x2048.jpg 1449w, https:\/\/blogs.fu-berlin.de\/bibliotheken\/files\/2021\/03\/DSC04371-1200x1696.jpg 1200w\" sizes=\"auto, (max-width: 422px) 85vw, 422px\" \/><\/a><figcaption>Foto: eigene Aufnahme. \/Diesen Titel kann man in der Universit\u00e4tsbibliothek entleihen. <br><br>Bildquelle Eingangsbild: <a href=\"https:\/\/pixabay.com\/de\/photos\/buch-seiten-lesen-bildung-roman-5178205\/\">Pixabay.com<\/a><\/figcaption><\/figure><\/div>\n","protected":false},"excerpt":{"rendered":"<p>Mehr als ein Sommernachtstraum \u2013 der offizielle Todestag der Weltlegenden Shakespeare und Miguel de Cervantes ist gewiss kein Tag zum Trauern. Ganz im Gegenteil denn seit 1995 dreht sich der 23. April nicht nur um literarische Klassiker, sondern auch um ihre Autorinnen und Autoren. Auch dieses Jahr findet am 23. April offiziell der \u201eWelttag des &hellip; <a href=\"https:\/\/blogs.fu-berlin.de\/bibliotheken\/2021\/04\/23\/buecher-sind-ein-tor-zur-welt-die-unesco-laedt-ein-zum-16-welttag-des-buches\/\" class=\"more-link\"><span class=\"screen-reader-text\">\u201eB\u00fccher sind ein Tor zur Welt &#8211; die UNESCO l\u00e4dt ein zum Welttag des Buches\u201c<\/span> weiterlesen<\/a><\/p>\n","protected":false},"author":5902,"featured_media":28535,"comment_status":"open","ping_status":"open","sticky":false,"template":"","format":"standard","meta":{"footnotes":""},"categories":[9,599,604,603],"tags":[905,368540,970,595],"class_list":["post-28401","post","type-post","status-publish","format-standard","has-post-thumbnail","hentry","category-allgemein","category-bibliothekswesen","category-ins-netz-geschaut","category-vorgestellt","tag-borsenverein-des-deutschen-buchhandels","tag-stiftung-lesen","tag-unesco","tag-welttag-des-buches"],"_links":{"self":[{"href":"https:\/\/blogs.fu-berlin.de\/bibliotheken\/wp-json\/wp\/v2\/posts\/28401","targetHints":{"allow":["GET"]}}],"collection":[{"href":"https:\/\/blogs.fu-berlin.de\/bibliotheken\/wp-json\/wp\/v2\/posts"}],"about":[{"href":"https:\/\/blogs.fu-berlin.de\/bibliotheken\/wp-json\/wp\/v2\/types\/post"}],"author":[{"embeddable":true,"href":"https:\/\/blogs.fu-berlin.de\/bibliotheken\/wp-json\/wp\/v2\/users\/5902"}],"replies":[{"embeddable":true,"href":"https:\/\/blogs.fu-berlin.de\/bibliotheken\/wp-json\/wp\/v2\/comments?post=28401"}],"version-history":[{"count":10,"href":"https:\/\/blogs.fu-berlin.de\/bibliotheken\/wp-json\/wp\/v2\/posts\/28401\/revisions"}],"predecessor-version":[{"id":28539,"href":"https:\/\/blogs.fu-berlin.de\/bibliotheken\/wp-json\/wp\/v2\/posts\/28401\/revisions\/28539"}],"wp:featuredmedia":[{"embeddable":true,"href":"https:\/\/blogs.fu-berlin.de\/bibliotheken\/wp-json\/wp\/v2\/media\/28535"}],"wp:attachment":[{"href":"https:\/\/blogs.fu-berlin.de\/bibliotheken\/wp-json\/wp\/v2\/media?parent=28401"}],"wp:term":[{"taxonomy":"category","embeddable":true,"href":"https:\/\/blogs.fu-berlin.de\/bibliotheken\/wp-json\/wp\/v2\/categories?post=28401"},{"taxonomy":"post_tag","embeddable":true,"href":"https:\/\/blogs.fu-berlin.de\/bibliotheken\/wp-json\/wp\/v2\/tags?post=28401"}],"curies":[{"name":"wp","href":"https:\/\/api.w.org\/{rel}","templated":true}]}}