{"id":28414,"date":"2021-03-29T10:21:56","date_gmt":"2021-03-29T09:21:56","guid":{"rendered":"https:\/\/blogs.fu-berlin.de\/bibliotheken\/?p=28414"},"modified":"2021-03-29T12:35:58","modified_gmt":"2021-03-29T11:35:58","slug":"under-construction-die-verhuellte-philologische-bibliothek-ein-rueckblick","status":"publish","type":"post","link":"https:\/\/blogs.fu-berlin.de\/bibliotheken\/2021\/03\/29\/under-construction-die-verhuellte-philologische-bibliothek-ein-rueckblick\/","title":{"rendered":"Under construction: die verh\u00fcllte Philologische Bibliothek &#8211; ein R\u00fcckblick"},"content":{"rendered":"\n<figure class=\"wp-block-image size-large\"><img loading=\"lazy\" decoding=\"async\" width=\"1306\" height=\"979\" src=\"https:\/\/blogs.fu-berlin.de\/bibliotheken\/files\/2021\/03\/Philbib2021.jpg\" alt=\"\" class=\"wp-image-28415\" srcset=\"https:\/\/blogs.fu-berlin.de\/bibliotheken\/files\/2021\/03\/Philbib2021.jpg 1306w, https:\/\/blogs.fu-berlin.de\/bibliotheken\/files\/2021\/03\/Philbib2021-300x225.jpg 300w, https:\/\/blogs.fu-berlin.de\/bibliotheken\/files\/2021\/03\/Philbib2021-1200x900.jpg 1200w\" sizes=\"auto, (max-width: 709px) 85vw, (max-width: 909px) 67vw, (max-width: 1362px) 62vw, 840px\" \/><figcaption> Treppenaufgang in der Philologischen Bibliothek: verh\u00fcllt und unverh\u00fcllt<\/figcaption><\/figure>\n\n\n\n<p>Seit August 2020 war die <a href=\"https:\/\/www.fu-berlin.de\/sites\/philbib\/index.html\">Philologische Bibliothek<\/a> komplett geschlossen. Das bevorstehende Sanierungsprojekt war lange geplant, dass es im Fr\u00fchjahr dann zu einer weltweiten Pandemie kam, ahnte damals niemand. R\u00fcckblickend kam es zu einem regelrechten Stillstand auf dem gesamten Dahlemer FU-Campus, doch in der Philologischen Bibliothek wurde alles f\u00fcr die dringende Sanierung der Sprinkleranlagen vorbereitet. Bis auf die Ebene 3 unter dem Dach musste jeder Quadratzentimeter verkleidet, gesch\u00fctzt und umwickelt werden.<\/p>\n\n\n\n<p>Das Team der Leihstelle musste sich Interims-Arbeitspl\u00e4tze einrichten. F\u00fcr die kommende Zeit konnten daf\u00fcr die Lerngruppenr\u00e4ume auf Ebene -1 genutzt werden. Technik, M\u00f6bel, Kunstwerke, Vitrinen, mussten abgebaut, verpackt oder sicher weggestellt werden.<\/p>\n\n\n\n<p>Viele Monate w\u00e4hrend des Austausches der Sprinklerrohre durfte das Bibliotheksteam tags\u00fcber aus Sicherheitsgr\u00fcnden nicht in die Bibliothek. Nach 17.00 Uhr und sonntags gab es Einsatzschichten, in denen die Buchbestellungen und Scanw\u00fcnsche erledigt werden konnten.<\/p>\n\n\n\n<p>Mehrmals am Tag wurden die bestellten B\u00fccher in die Campusbibliothek transportiert und dort f\u00fcr die Studierenden bereitgestellt. Das Ganze erfolgte stets klimaneutral mit unseren B\u00fccherwagen \u00fcber die menschenleeren K\/L-Stra\u00dfen in der Rost- und Silberlaube.<\/p>\n\n\n\n<p><strong>Christo meets Klanginstallation<\/strong><\/p>\n\n\n\n<p>Das ganze Team hatte oft Assoziationen zum damaligen verh\u00fcllten Berliner Reichstag, als der K\u00fcnstler Christo und seine Frau alles mit silbernen Planen verh\u00fcllt hatten (vgl. <a href=\"https:\/\/blogs.fu-berlin.de\/bibliotheken\/2020\/09\/24\/verhuellungskunst-in-der-philologischen-bibliothek\/\">Beitrag vom 24.09.2020<\/a>). Die verh\u00fcllte Bibliothek war anfangs sehr ungewohnt: f\u00fcr das t\u00e4gliche Ausheben bestellter B\u00fccher oder B\u00e4nde, f\u00fcr die Digitalisierungsw\u00fcnsche vorlagen, musste unter die verhangenen Regale gegriffen werden. Das war mitunter ein erschwerender Umstand. Die richtige Stelle am Regal zu finden war manchmal schwierig, denn durch die verh\u00fcllten Regale mit Folienbahnen war die Beschriftung kaum zu erkennen.<\/p>\n\n\n\n<p>In der Erinnerung bleiben werden dem Team sicherlich neben der kompletten Verh\u00fcllung auch die ungew\u00f6hnlichen Ger\u00e4usche: raschelnde Folienbahnen, dumpfes Klacken der rollenden B\u00fccherwagen auf Spannplatten, manchmal war es abends in den Wintermonaten gespenstisch einsam in der Bibliothek.<\/p>\n\n\n\n<p>Mit dem Fr\u00fchling naht nun endlich das Ende der Sanierungsma\u00dfnahmen. Die Bibliothek ist wieder enth\u00fcllt. <strong>Die kontaktarme Ausleihe wird ab dem 06.04.2021 im Eingangsbereich wieder m\u00f6glich sein.<\/strong><\/p>\n\n\n\n<p>Online bestellen und in der Philologischen Bibliothek abholen! F\u00fcr einige Studierende wird es das erst Mal sein, dass sie ihre Fachbibliothek live erleben k\u00f6nnen \u2013 wenn auch pandemiebedingt nur f\u00fcr die Ausleihe. Wir freuen uns schon sehr auf die neuen Gesichter und auf das Sommersemester mit hoffentlich weiteren Erleichterungen und Services f\u00fcr den Studienbetrieb.<\/p>\n\n\n\n<p>Ein riesiger Dank an das Team der Philologischen Bibliothek und dem Leihstellen-Team in der Campusbibliothek f\u00fcr ihren Einsatz, ihre Flexibilit\u00e4t und Bereitschaft, alles m\u00f6glich zu machen in dieser sehr besonderen Situation.<\/p>\n\n\n\n<figure class=\"wp-block-image size-large\"><img loading=\"lazy\" decoding=\"async\" width=\"2560\" height=\"1920\" src=\"https:\/\/blogs.fu-berlin.de\/bibliotheken\/files\/2021\/03\/DSC04385-scaled.jpg\" alt=\"\" class=\"wp-image-28416\" srcset=\"https:\/\/blogs.fu-berlin.de\/bibliotheken\/files\/2021\/03\/DSC04385-scaled.jpg 2560w, https:\/\/blogs.fu-berlin.de\/bibliotheken\/files\/2021\/03\/DSC04385-300x225.jpg 300w, https:\/\/blogs.fu-berlin.de\/bibliotheken\/files\/2021\/03\/DSC04385-1536x1152.jpg 1536w, https:\/\/blogs.fu-berlin.de\/bibliotheken\/files\/2021\/03\/DSC04385-2048x1536.jpg 2048w, https:\/\/blogs.fu-berlin.de\/bibliotheken\/files\/2021\/03\/DSC04385-1200x900.jpg 1200w\" sizes=\"auto, (max-width: 709px) 85vw, (max-width: 909px) 67vw, (max-width: 1362px) 62vw, 840px\" \/><figcaption>Leihstelle in der Philologischen Bibliothek<\/figcaption><\/figure>\n\n\n\n<p>Fotos: Mehmet Altin &amp; Janet Wagner<\/p>\n","protected":false},"excerpt":{"rendered":"<p>Seit August 2020 war die Philologische Bibliothek komplett geschlossen. Das bevorstehende Sanierungsprojekt war lange geplant, dass es im Fr\u00fchjahr dann zu einer weltweiten Pandemie kam, ahnte damals niemand. R\u00fcckblickend kam es zu einem regelrechten Stillstand auf dem gesamten Dahlemer FU-Campus, doch in der Philologischen Bibliothek wurde alles f\u00fcr die dringende Sanierung der Sprinkleranlagen vorbereitet. Bis &hellip; <a href=\"https:\/\/blogs.fu-berlin.de\/bibliotheken\/2021\/03\/29\/under-construction-die-verhuellte-philologische-bibliothek-ein-rueckblick\/\" class=\"more-link\"><span class=\"screen-reader-text\">\u201eUnder construction: die verh\u00fcllte Philologische Bibliothek &#8211; ein R\u00fcckblick\u201c<\/span> weiterlesen<\/a><\/p>\n","protected":false},"author":5902,"featured_media":0,"comment_status":"open","ping_status":"open","sticky":false,"template":"","format":"standard","meta":{"footnotes":""},"categories":[9,599,600],"tags":[515],"class_list":["post-28414","post","type-post","status-publish","format-standard","hentry","category-allgemein","category-bibliothekswesen","category-fachbibliotheken","tag-philologische-bibliothek"],"_links":{"self":[{"href":"https:\/\/blogs.fu-berlin.de\/bibliotheken\/wp-json\/wp\/v2\/posts\/28414","targetHints":{"allow":["GET"]}}],"collection":[{"href":"https:\/\/blogs.fu-berlin.de\/bibliotheken\/wp-json\/wp\/v2\/posts"}],"about":[{"href":"https:\/\/blogs.fu-berlin.de\/bibliotheken\/wp-json\/wp\/v2\/types\/post"}],"author":[{"embeddable":true,"href":"https:\/\/blogs.fu-berlin.de\/bibliotheken\/wp-json\/wp\/v2\/users\/5902"}],"replies":[{"embeddable":true,"href":"https:\/\/blogs.fu-berlin.de\/bibliotheken\/wp-json\/wp\/v2\/comments?post=28414"}],"version-history":[{"count":7,"href":"https:\/\/blogs.fu-berlin.de\/bibliotheken\/wp-json\/wp\/v2\/posts\/28414\/revisions"}],"predecessor-version":[{"id":28423,"href":"https:\/\/blogs.fu-berlin.de\/bibliotheken\/wp-json\/wp\/v2\/posts\/28414\/revisions\/28423"}],"wp:attachment":[{"href":"https:\/\/blogs.fu-berlin.de\/bibliotheken\/wp-json\/wp\/v2\/media?parent=28414"}],"wp:term":[{"taxonomy":"category","embeddable":true,"href":"https:\/\/blogs.fu-berlin.de\/bibliotheken\/wp-json\/wp\/v2\/categories?post=28414"},{"taxonomy":"post_tag","embeddable":true,"href":"https:\/\/blogs.fu-berlin.de\/bibliotheken\/wp-json\/wp\/v2\/tags?post=28414"}],"curies":[{"name":"wp","href":"https:\/\/api.w.org\/{rel}","templated":true}]}}