{"id":28438,"date":"2021-04-01T14:57:23","date_gmt":"2021-04-01T13:57:23","guid":{"rendered":"https:\/\/blogs.fu-berlin.de\/bibliotheken\/?p=28438"},"modified":"2021-04-02T16:47:03","modified_gmt":"2021-04-02T15:47:03","slug":"elektronischer-versand-von-fernleih-kopien-verlaengert","status":"publish","type":"post","link":"https:\/\/blogs.fu-berlin.de\/bibliotheken\/2021\/04\/01\/elektronischer-versand-von-fernleih-kopien-verlaengert\/","title":{"rendered":"Elektronischer Versand von Fernleih-Kopien verl\u00e4ngert"},"content":{"rendered":"\n<p>Deutsche Bibliotheken d\u00fcrfen auch \u00fcber den 31. M\u00e4rz hinaus per <a href=\"https:\/\/www.fu-berlin.de\/sites\/ub\/service\/fernleihe\/index.html\">Fernleihe<\/a> bestellte Aufs\u00e4tze in elektronischer Form direkt an Endnutzerinnen und -nutzer weiter\u00fcbermitteln. Basis hierf\u00fcr ist erneut eine kurzfristig getroffene Einigung zwischen der Kultusministerkonferenz (KMK) und den Verwertungsgesellschaften VG Wort und VG Bild-Kunst.<\/p>\n\n\n\n<p>Die neue Regelung gilt <strong>bis vorerst 31. Juli 2021<\/strong>. Bis dahin m\u00fcssen Sie weiterhin nicht pers\u00f6nlich in die <a href=\"https:\/\/www.fu-berlin.de\/sites\/ub\/service\/ausleihe\/index.html\">Leihstelle der Universit\u00e4tsbibliothek<\/a> kommen, um bestellte Aufsatzkopien abzuholen. Per Fernleihe bestellte B\u00fccher und andere Medien m\u00fcssen nach wie vor in der Leihstelle abgeholt werden.<\/p>\n\n\n\n<p>Weiterhin steht Ihnen unser ausgebauter <a href=\"https:\/\/www.fu-berlin.de\/sites\/ub\/service\/digitalisierung\/index.html\">Digitalisierungsservice<\/a> zur Verf\u00fcgung.<\/p>\n\n\n\n<p>(Bildquelle: <a href=\"https:\/\/pixabay.com\/photos\/book-return-read-books-paper-3610618\/\">Pixabay<\/a>)<\/p>\n","protected":false},"excerpt":{"rendered":"<p>Deutsche Bibliotheken d\u00fcrfen auch \u00fcber den 31. M\u00e4rz hinaus per Fernleihe bestellte Aufs\u00e4tze in elektronischer Form direkt an Endnutzerinnen und -nutzer weiter\u00fcbermitteln. Basis hierf\u00fcr ist erneut eine kurzfristig getroffene Einigung zwischen der Kultusministerkonferenz (KMK) und den Verwertungsgesellschaften VG Wort und VG Bild-Kunst. Die neue Regelung gilt bis vorerst 31. Juli 2021. Bis dahin m\u00fcssen Sie &hellip; <a href=\"https:\/\/blogs.fu-berlin.de\/bibliotheken\/2021\/04\/01\/elektronischer-versand-von-fernleih-kopien-verlaengert\/\" class=\"more-link\"><span class=\"screen-reader-text\">\u201eElektronischer Versand von Fernleih-Kopien verl\u00e4ngert\u201c<\/span> weiterlesen<\/a><\/p>\n","protected":false},"author":293,"featured_media":28145,"comment_status":"open","ping_status":"open","sticky":false,"template":"","format":"standard","meta":{"footnotes":""},"categories":[9],"tags":[749,364839,90596],"class_list":["post-28438","post","type-post","status-publish","format-standard","has-post-thumbnail","hentry","category-allgemein","tag-fernleihe","tag-kultusministerkonferenz","tag-vg-wort"],"_links":{"self":[{"href":"https:\/\/blogs.fu-berlin.de\/bibliotheken\/wp-json\/wp\/v2\/posts\/28438","targetHints":{"allow":["GET"]}}],"collection":[{"href":"https:\/\/blogs.fu-berlin.de\/bibliotheken\/wp-json\/wp\/v2\/posts"}],"about":[{"href":"https:\/\/blogs.fu-berlin.de\/bibliotheken\/wp-json\/wp\/v2\/types\/post"}],"author":[{"embeddable":true,"href":"https:\/\/blogs.fu-berlin.de\/bibliotheken\/wp-json\/wp\/v2\/users\/293"}],"replies":[{"embeddable":true,"href":"https:\/\/blogs.fu-berlin.de\/bibliotheken\/wp-json\/wp\/v2\/comments?post=28438"}],"version-history":[{"count":3,"href":"https:\/\/blogs.fu-berlin.de\/bibliotheken\/wp-json\/wp\/v2\/posts\/28438\/revisions"}],"predecessor-version":[{"id":28442,"href":"https:\/\/blogs.fu-berlin.de\/bibliotheken\/wp-json\/wp\/v2\/posts\/28438\/revisions\/28442"}],"wp:featuredmedia":[{"embeddable":true,"href":"https:\/\/blogs.fu-berlin.de\/bibliotheken\/wp-json\/wp\/v2\/media\/28145"}],"wp:attachment":[{"href":"https:\/\/blogs.fu-berlin.de\/bibliotheken\/wp-json\/wp\/v2\/media?parent=28438"}],"wp:term":[{"taxonomy":"category","embeddable":true,"href":"https:\/\/blogs.fu-berlin.de\/bibliotheken\/wp-json\/wp\/v2\/categories?post=28438"},{"taxonomy":"post_tag","embeddable":true,"href":"https:\/\/blogs.fu-berlin.de\/bibliotheken\/wp-json\/wp\/v2\/tags?post=28438"}],"curies":[{"name":"wp","href":"https:\/\/api.w.org\/{rel}","templated":true}]}}