{"id":28471,"date":"2021-04-14T08:33:14","date_gmt":"2021-04-14T07:33:14","guid":{"rendered":"https:\/\/blogs.fu-berlin.de\/bibliotheken\/?p=28471"},"modified":"2021-04-22T08:45:26","modified_gmt":"2021-04-22T07:45:26","slug":"universitaetsbibliothek-startet-mit-webinaren-ins-sommersemester-2021","status":"publish","type":"post","link":"https:\/\/blogs.fu-berlin.de\/bibliotheken\/2021\/04\/14\/universitaetsbibliothek-startet-mit-webinaren-ins-sommersemester-2021\/","title":{"rendered":"Universit\u00e4tsbibliothek startet mit Webinaren ins Sommersemester 2021"},"content":{"rendered":"\n<p>Heute startet die <a href=\"https:\/\/www.fu-berlin.de\/sites\/ub\">Universit\u00e4tsbibliothek<\/a> (UB) auch offiziell ins Sommersemester &#8211; um 10 Uhr findet unser erstes Webinar <a href=\"https:\/\/www.fu-berlin.de\/sites\/ub\/lernangebote\/literaturrecherche\/primo\/index.html\">Recherchieren im Bibliotheksportal Primo<\/a> statt. Anmelden k\u00f6nnen Sie sich bequem \u00fcber ein <a href=\"https:\/\/ssl2.cms.fu-berlin.de\/fu-berlin\/sites\/ub\/lernangebote\/literaturrecherche\/primo\/PM_formular_einfuehrung\/index.html\">Online-Formular<\/a>. Als Software verwenden wir <em>Cisco Webex<\/em> (<a href=\"https:\/\/www.cedis.fu-berlin.de\/online-lehren-lernen\/tools\/cisco-webex-meeting.html\">weitere Infos)<\/a>. Die Informationen zum Login erhalten Sie in einer separaten E-Mail.<\/p>\n\n\n\n<p>Bis Mitte Juli 2021 hat die UB \u00fcber <a href=\"https:\/\/www.fu-berlin.de\/sites\/ub\/ueber-uns\/termine\/index.html\">30 Kurse terminiert<\/a>. Neben der Einf\u00fchrung in <em>Primo <\/em>werden folgende weitere Formate mit festen Terminen angeboten:<\/p>\n\n\n\n<ul class=\"wp-block-list\"><li><a href=\"https:\/\/www.fu-berlin.de\/sites\/ub\/lernangebote\/literaturrecherche\/intensivkurs\/index.html\">Intensivkurs Recherche<\/a><\/li><li>Literaturverwaltungsprogramme (<a href=\"https:\/\/www.fu-berlin.de\/sites\/ub\/lernangebote\/literaturverwaltung\/literaturverwaltung_citavi\/index.html\">Citavi<\/a>, <a href=\"https:\/\/www.fu-berlin.de\/sites\/ub\/lernangebote\/literaturverwaltung\/literaturverwaltung_endnote\/index.html\">EndNote<\/a>, <a href=\"https:\/\/www.fu-berlin.de\/sites\/ub\/lernangebote\/literaturverwaltung\/literaturverwaltung_zotero\/index.html\">Zotero<\/a>)<\/li><li><a href=\"https:\/\/www.fu-berlin.de\/sites\/ub\/lernangebote\/literaturrecherche\/presserecherche\/index.html\">Presserecherche &amp; Fake News<\/a><\/li><li><a href=\"https:\/\/www.fu-berlin.de\/sites\/ub\/lernangebote\/literaturrecherche\/qualitaetskriterien\/index.html\">Qualit\u00e4tskriterien f\u00fcr die Literaturauswahl<\/a><\/li><li><a href=\"https:\/\/www.fu-berlin.de\/sites\/ub\/lernangebote\/literaturrecherche\/zitieren\/index.html\">Richtig Zitieren<\/a><\/li><\/ul>\n\n\n\n<p>Daneben bieten wir von Montag bis Freitag zwischen 14 und 15 Uhr eine <a href=\"https:\/\/fu-berlin.webex.com\/fu-berlin\/j.php?MTID=m09783cbf20384208f677bc463cbdff66\">Online-Sprechstunde<\/a> an, die Sie ohne vorherige Anmeldung besuchen k\u00f6nnen. Separat k\u00f6nnen Sie auch individuelle <a href=\"https:\/\/www.fu-berlin.de\/sites\/ub\/lernangebote\/coaching\/index.html\">Einzel-Coachings<\/a> vereinbaren bzw. Kurse zu weiteren Themen bei uns anfragen.<\/p>\n\n\n\n<p>Das gesamte Programm l\u00e4sst sich in Auswahl auch f\u00fcr Lehrveranstaltungen zum wissenschaftlichen Arbeiten oder Einf\u00fchrungsseminare integrieren. Dozentinnen und Dozenten k\u00f6nnen Inhalte und einen oder mehrere Termine direkt mit uns absprechen (E-Mail: <a href=\"mailto:auskunft@ub.fu-berlin.de\">auskunft@ub.fu-berlin.de<\/a>, Tel.: <a>(030) 838-52978<\/a>). Auch haben wir ein wachsendes Angebot an Online-Tutorials auf unserem YouTube-Channel (siehe <a href=\"https:\/\/www.fu-berlin.de\/sites\/ub\/lernangebote\/e_learning\/index.html\">Selbstlernangebote<\/a>).<\/p>\n\n\n\n<p>Daneben bieten weitere FU-Bibliotheken und -Einrichungen Fortbildungsveranstaltungen als Webinare an:<\/p>\n\n\n\n<ul class=\"wp-block-list\"><li><a href=\"https:\/\/www.cedis.fu-berlin.de\/schulungen\/index.html\">CeDiS<\/a><\/li><li><a href=\"https:\/\/www.fu-berlin.de\/sites\/philbib\/03chulungen-fuehrungen\/Literatursuche-mit-Primo.html\">Philologische Bibliothek<\/a><\/li><li><a href=\"https:\/\/www.jura.fu-berlin.de\/bibliothek\/Veranstaltungen\/index.html\">Bibliothek Rechtswissenschaft<\/a><\/li><li><a href=\"https:\/\/www.wiwiss.fu-berlin.de\/bibliothek\/04Kurse\/index.html\">Wirtschaftswissenschaftliche Bibliothek<\/a><\/li><li><a href=\"https:\/\/www.zedat.fu-berlin.de\/Schulung\/ABV-Module\">ZEDAT<\/a><\/li><\/ul>\n\n\n\n<p>Parallel werden wir mit Veranstaltungen auf dem bundesweiten <a href=\"https:\/\/digitaltag.eu\/\">Digitaltag<\/a> am 18. Juni vertreten sein. Auch arbeiten wir an einem weiteren Format, den sogenannten <em>Evening Lectures<\/em>. Dabei handelt es sich um kurze, 15-min\u00fctige Online-Vortr\u00e4ge zu verschiedensten Themen, die am sp\u00e4ten Nachmittag einer Woche terminiert sind. Mehr Informationen dazu folgen in K\u00fcrze!<\/p>\n\n\n\n<p>Wir freuen uns auf Sie und w\u00fcnschen Ihnen einen guten Start ins Sommersemester 2021!<\/p>\n","protected":false},"excerpt":{"rendered":"<p>Heute startet die Universit\u00e4tsbibliothek (UB) auch offiziell ins Sommersemester &#8211; um 10 Uhr findet unser erstes Webinar Recherchieren im Bibliotheksportal Primo statt. Anmelden k\u00f6nnen Sie sich bequem \u00fcber ein Online-Formular. Als Software verwenden wir Cisco Webex (weitere Infos). Die Informationen zum Login erhalten Sie in einer separaten E-Mail. Bis Mitte Juli 2021 hat die UB &hellip; <a href=\"https:\/\/blogs.fu-berlin.de\/bibliotheken\/2021\/04\/14\/universitaetsbibliothek-startet-mit-webinaren-ins-sommersemester-2021\/\" class=\"more-link\"><span class=\"screen-reader-text\">\u201eUniversit\u00e4tsbibliothek startet mit Webinaren ins Sommersemester 2021\u201c<\/span> weiterlesen<\/a><\/p>\n","protected":false},"author":293,"featured_media":28473,"comment_status":"open","ping_status":"open","sticky":false,"template":"","format":"standard","meta":{"footnotes":""},"categories":[9,600,601,70],"tags":[364797,1859,1053,57467,33661,25],"class_list":["post-28471","post","type-post","status-publish","format-standard","has-post-thumbnail","hentry","category-allgemein","category-fachbibliotheken","category-universitatsbibliothek","category-veranstaltungen","tag-cisco-webex","tag-literaturverwaltung","tag-recherche","tag-universitatsbibliothek","tag-webinar","tag-zitieren"],"_links":{"self":[{"href":"https:\/\/blogs.fu-berlin.de\/bibliotheken\/wp-json\/wp\/v2\/posts\/28471","targetHints":{"allow":["GET"]}}],"collection":[{"href":"https:\/\/blogs.fu-berlin.de\/bibliotheken\/wp-json\/wp\/v2\/posts"}],"about":[{"href":"https:\/\/blogs.fu-berlin.de\/bibliotheken\/wp-json\/wp\/v2\/types\/post"}],"author":[{"embeddable":true,"href":"https:\/\/blogs.fu-berlin.de\/bibliotheken\/wp-json\/wp\/v2\/users\/293"}],"replies":[{"embeddable":true,"href":"https:\/\/blogs.fu-berlin.de\/bibliotheken\/wp-json\/wp\/v2\/comments?post=28471"}],"version-history":[{"count":10,"href":"https:\/\/blogs.fu-berlin.de\/bibliotheken\/wp-json\/wp\/v2\/posts\/28471\/revisions"}],"predecessor-version":[{"id":28517,"href":"https:\/\/blogs.fu-berlin.de\/bibliotheken\/wp-json\/wp\/v2\/posts\/28471\/revisions\/28517"}],"wp:featuredmedia":[{"embeddable":true,"href":"https:\/\/blogs.fu-berlin.de\/bibliotheken\/wp-json\/wp\/v2\/media\/28473"}],"wp:attachment":[{"href":"https:\/\/blogs.fu-berlin.de\/bibliotheken\/wp-json\/wp\/v2\/media?parent=28471"}],"wp:term":[{"taxonomy":"category","embeddable":true,"href":"https:\/\/blogs.fu-berlin.de\/bibliotheken\/wp-json\/wp\/v2\/categories?post=28471"},{"taxonomy":"post_tag","embeddable":true,"href":"https:\/\/blogs.fu-berlin.de\/bibliotheken\/wp-json\/wp\/v2\/tags?post=28471"}],"curies":[{"name":"wp","href":"https:\/\/api.w.org\/{rel}","templated":true}]}}