{"id":28574,"date":"2021-05-06T12:16:56","date_gmt":"2021-05-06T11:16:56","guid":{"rendered":"https:\/\/blogs.fu-berlin.de\/bibliotheken\/?p=28574"},"modified":"2021-05-06T12:16:56","modified_gmt":"2021-05-06T11:16:56","slug":"bibliothek-fuer-sozialwissenschaften-und-osteuropastudien-am-11-mai-geschlossen","status":"publish","type":"post","link":"https:\/\/blogs.fu-berlin.de\/bibliotheken\/2021\/05\/06\/bibliothek-fuer-sozialwissenschaften-und-osteuropastudien-am-11-mai-geschlossen\/","title":{"rendered":"Bibliothek f\u00fcr Sozialwissenschaften und Osteuropastudien am 11. Mai geschlossen"},"content":{"rendered":"\n<p>Am 10. und 11. Mai wird das Telekommunikationsnetz im Fachbereich Politik und Sozialwissenschaften modernisiert. Die Bibliothek ist am Montag (10.5.) wie \u00fcblich von 10 bis 16 Uhr ge\u00f6ffnet. Am Dienstag (11.5.) bleibt die Bibliothek geschlossen.<br><br>PRIMO-Direktbestellungen, die Sie an diesen Tagen ausl\u00f6sen, k\u00f6nnen Sie ab dem 12.05.21 entleihen.<br><br>Wir bitten um Ihr Verst\u00e4ndnis.<br>&#8212;-<br>The telecommunication network of the Department for Social and Political Science will be modernised on May 10th and 11th, 2021. The library will be open on Monday (10th) just as usual from 10 to 16h. On Tuesday (11th), the library will be closed.<br><br>PRIMO direct orders that you place on these days can be borrowed on May 12th at the earliest.<br><br>We kindly ask for your understanding.<\/p>\n","protected":false},"excerpt":{"rendered":"<p>Am 10. und 11. Mai wird das Telekommunikationsnetz im Fachbereich Politik und Sozialwissenschaften modernisiert. Die Bibliothek ist am Montag (10.5.) wie \u00fcblich von 10 bis 16 Uhr ge\u00f6ffnet. Am Dienstag (11.5.) bleibt die Bibliothek geschlossen. PRIMO-Direktbestellungen, die Sie an diesen Tagen ausl\u00f6sen, k\u00f6nnen Sie ab dem 12.05.21 entleihen. Wir bitten um Ihr Verst\u00e4ndnis.&#8212;-The telecommunication network &hellip; <a href=\"https:\/\/blogs.fu-berlin.de\/bibliotheken\/2021\/05\/06\/bibliothek-fuer-sozialwissenschaften-und-osteuropastudien-am-11-mai-geschlossen\/\" class=\"more-link\"><span class=\"screen-reader-text\">\u201eBibliothek f\u00fcr Sozialwissenschaften und Osteuropastudien am 11. Mai geschlossen\u201c<\/span> weiterlesen<\/a><\/p>\n","protected":false},"author":1427,"featured_media":28587,"comment_status":"open","ping_status":"open","sticky":false,"template":"","format":"standard","meta":{"footnotes":""},"categories":[9,600],"tags":[641,237774,12121],"class_list":["post-28574","post","type-post","status-publish","format-standard","has-post-thumbnail","hentry","category-allgemein","category-fachbibliotheken","tag-offnungszeiten","tag-sonderschliesszeiten","tag-wartungsarbeiten"],"_links":{"self":[{"href":"https:\/\/blogs.fu-berlin.de\/bibliotheken\/wp-json\/wp\/v2\/posts\/28574","targetHints":{"allow":["GET"]}}],"collection":[{"href":"https:\/\/blogs.fu-berlin.de\/bibliotheken\/wp-json\/wp\/v2\/posts"}],"about":[{"href":"https:\/\/blogs.fu-berlin.de\/bibliotheken\/wp-json\/wp\/v2\/types\/post"}],"author":[{"embeddable":true,"href":"https:\/\/blogs.fu-berlin.de\/bibliotheken\/wp-json\/wp\/v2\/users\/1427"}],"replies":[{"embeddable":true,"href":"https:\/\/blogs.fu-berlin.de\/bibliotheken\/wp-json\/wp\/v2\/comments?post=28574"}],"version-history":[{"count":3,"href":"https:\/\/blogs.fu-berlin.de\/bibliotheken\/wp-json\/wp\/v2\/posts\/28574\/revisions"}],"predecessor-version":[{"id":28579,"href":"https:\/\/blogs.fu-berlin.de\/bibliotheken\/wp-json\/wp\/v2\/posts\/28574\/revisions\/28579"}],"wp:featuredmedia":[{"embeddable":true,"href":"https:\/\/blogs.fu-berlin.de\/bibliotheken\/wp-json\/wp\/v2\/media\/28587"}],"wp:attachment":[{"href":"https:\/\/blogs.fu-berlin.de\/bibliotheken\/wp-json\/wp\/v2\/media?parent=28574"}],"wp:term":[{"taxonomy":"category","embeddable":true,"href":"https:\/\/blogs.fu-berlin.de\/bibliotheken\/wp-json\/wp\/v2\/categories?post=28574"},{"taxonomy":"post_tag","embeddable":true,"href":"https:\/\/blogs.fu-berlin.de\/bibliotheken\/wp-json\/wp\/v2\/tags?post=28574"}],"curies":[{"name":"wp","href":"https:\/\/api.w.org\/{rel}","templated":true}]}}