{"id":28627,"date":"2021-05-18T10:46:47","date_gmt":"2021-05-18T09:46:47","guid":{"rendered":"https:\/\/blogs.fu-berlin.de\/bibliotheken\/?p=28627"},"modified":"2021-05-19T15:45:22","modified_gmt":"2021-05-19T14:45:22","slug":"provenienzforschung-nach-ns-raubgut-in-der-bibliothek-am-botanischen-garten-und-botanischen-museum-bgbm","status":"publish","type":"post","link":"https:\/\/blogs.fu-berlin.de\/bibliotheken\/2021\/05\/18\/provenienzforschung-nach-ns-raubgut-in-der-bibliothek-am-botanischen-garten-und-botanischen-museum-bgbm\/","title":{"rendered":"Provenienzforschung nach NS-Raubgut in der Bibliothek am Botanischen Garten und Botanischen Museum (BGBM)"},"content":{"rendered":"\n<figure class=\"wp-block-gallery aligncenter columns-2 is-cropped wp-block-gallery-1 is-layout-flex wp-block-gallery-is-layout-flex\"><ul class=\"blocks-gallery-grid\"><li class=\"blocks-gallery-item\"><figure><img loading=\"lazy\" decoding=\"async\" width=\"678\" height=\"467\" src=\"https:\/\/blogs.fu-berlin.de\/bibliotheken\/files\/2021\/05\/Provenienz1.jpg\" alt=\"\" data-id=\"28630\" class=\"wp-image-28630\" srcset=\"https:\/\/blogs.fu-berlin.de\/bibliotheken\/files\/2021\/05\/Provenienz1.jpg 678w, https:\/\/blogs.fu-berlin.de\/bibliotheken\/files\/2021\/05\/Provenienz1-300x207.jpg 300w\" sizes=\"auto, (max-width: 709px) 85vw, (max-width: 909px) 67vw, (max-width: 984px) 61vw, (max-width: 1362px) 45vw, 600px\" \/><\/figure><\/li><li class=\"blocks-gallery-item\"><figure><img loading=\"lazy\" decoding=\"async\" width=\"660\" height=\"461\" src=\"https:\/\/blogs.fu-berlin.de\/bibliotheken\/files\/2021\/05\/Provenienz2.jpg\" alt=\"\" data-id=\"28631\" data-full-url=\"https:\/\/blogs.fu-berlin.de\/bibliotheken\/files\/2021\/05\/Provenienz2.jpg\" data-link=\"https:\/\/blogs.fu-berlin.de\/bibliotheken\/?attachment_id=28631\" class=\"wp-image-28631\" srcset=\"https:\/\/blogs.fu-berlin.de\/bibliotheken\/files\/2021\/05\/Provenienz2.jpg 660w, https:\/\/blogs.fu-berlin.de\/bibliotheken\/files\/2021\/05\/Provenienz2-300x210.jpg 300w\" sizes=\"auto, (max-width: 709px) 85vw, (max-width: 909px) 67vw, (max-width: 984px) 61vw, (max-width: 1362px) 45vw, 600px\" \/><\/figure><\/li><\/ul><figcaption class=\"blocks-gallery-caption\">Fotos: getilgte Provenienzhinweise \u00a9 Lisa Trzaska<\/figcaption><\/figure>\n\n\n\n<p>Wie Sie sehen, sehen Sie nichts. In der Bibliothek des Botanischen Gartens und Botanischen Museums startet ein vom <a href=\"https:\/\/www.kulturgutverluste.de\/Webs\/DE\/Start\/Index.html\">Deutschen Zentrum Kulturgutverluste <\/a>   gef\u00f6rdertes Forschungsprojekt. <\/p>\n\n\n\n<p>Projektmitarbeiterin Lisa Trzaska wird die Herkunft von Best\u00e4nden untersuchen, die noch w\u00e4hrend des Zweiten Weltkriegs oder in der unmittelbaren Nachkriegszeit an die Bibliothek gelangten. Gleich zu Beginn der Recherchen gerieten mehrere B\u00fccher in den Fokus, aus denen die Spuren ihrer Vorbesitzer auff\u00e4llig sorgf\u00e4ltig getilgt worden waren. Hier sollte die Provenienz offensichtlich verschleiert werden, was auf Raubgut hindeutet. Bei der Provenienzforschung geht es also nicht nur darum, Provenienzmerkmale im Buch wie Stempel, Namenseintr\u00e4ge oder Ex Libris zu finden, sondern auch zu erkennen, wo welche waren, die nun fehlen.<\/p>\n\n\n\n<p>Lesen Sie mehr \u00fcber <a href=\"https:\/\/www.fu-berlin.de\/sites\/ub\/ueber-uns\/provenienzforschung\/index.html\">Provenienzforschung<\/a> an der Universit\u00e4tsbibliothek der Freien Universit\u00e4t Berlin und \u00fcber die Geschichte der <a href=\"https:\/\/www.bgbm.org\/de\/node\/421\">Bibliothek des BGBM<\/a> .<\/p>\n","protected":false},"excerpt":{"rendered":"<p>Wie Sie sehen, sehen Sie nichts. In der Bibliothek des Botanischen Gartens und Botanischen Museums startet ein vom Deutschen Zentrum Kulturgutverluste gef\u00f6rdertes Forschungsprojekt. Projektmitarbeiterin Lisa Trzaska wird die Herkunft von Best\u00e4nden untersuchen, die noch w\u00e4hrend des Zweiten Weltkriegs oder in der unmittelbaren Nachkriegszeit an die Bibliothek gelangten. Gleich zu Beginn der Recherchen gerieten mehrere B\u00fccher &hellip; <a href=\"https:\/\/blogs.fu-berlin.de\/bibliotheken\/2021\/05\/18\/provenienzforschung-nach-ns-raubgut-in-der-bibliothek-am-botanischen-garten-und-botanischen-museum-bgbm\/\" class=\"more-link\"><span class=\"screen-reader-text\">\u201eProvenienzforschung nach NS-Raubgut in der Bibliothek am Botanischen Garten und Botanischen Museum (BGBM)\u201c<\/span> weiterlesen<\/a><\/p>\n","protected":false},"author":5902,"featured_media":0,"comment_status":"open","ping_status":"open","sticky":false,"template":"","format":"standard","meta":{"footnotes":""},"categories":[599,600,603],"tags":[12042,471,218329,12078,57547,584],"class_list":["post-28627","post","type-post","status-publish","format-standard","hentry","category-bibliothekswesen","category-fachbibliotheken","category-vorgestellt","tag-forschung","tag-geschichte","tag-kulturgeschichte","tag-ns-raubgut","tag-provenienzforschung","tag-raubgut"],"_links":{"self":[{"href":"https:\/\/blogs.fu-berlin.de\/bibliotheken\/wp-json\/wp\/v2\/posts\/28627","targetHints":{"allow":["GET"]}}],"collection":[{"href":"https:\/\/blogs.fu-berlin.de\/bibliotheken\/wp-json\/wp\/v2\/posts"}],"about":[{"href":"https:\/\/blogs.fu-berlin.de\/bibliotheken\/wp-json\/wp\/v2\/types\/post"}],"author":[{"embeddable":true,"href":"https:\/\/blogs.fu-berlin.de\/bibliotheken\/wp-json\/wp\/v2\/users\/5902"}],"replies":[{"embeddable":true,"href":"https:\/\/blogs.fu-berlin.de\/bibliotheken\/wp-json\/wp\/v2\/comments?post=28627"}],"version-history":[{"count":2,"href":"https:\/\/blogs.fu-berlin.de\/bibliotheken\/wp-json\/wp\/v2\/posts\/28627\/revisions"}],"predecessor-version":[{"id":28633,"href":"https:\/\/blogs.fu-berlin.de\/bibliotheken\/wp-json\/wp\/v2\/posts\/28627\/revisions\/28633"}],"wp:attachment":[{"href":"https:\/\/blogs.fu-berlin.de\/bibliotheken\/wp-json\/wp\/v2\/media?parent=28627"}],"wp:term":[{"taxonomy":"category","embeddable":true,"href":"https:\/\/blogs.fu-berlin.de\/bibliotheken\/wp-json\/wp\/v2\/categories?post=28627"},{"taxonomy":"post_tag","embeddable":true,"href":"https:\/\/blogs.fu-berlin.de\/bibliotheken\/wp-json\/wp\/v2\/tags?post=28627"}],"curies":[{"name":"wp","href":"https:\/\/api.w.org\/{rel}","templated":true}]}}