{"id":28677,"date":"2021-05-28T12:26:29","date_gmt":"2021-05-28T11:26:29","guid":{"rendered":"https:\/\/blogs.fu-berlin.de\/bibliotheken\/?p=28677"},"modified":"2021-05-31T07:38:42","modified_gmt":"2021-05-31T06:38:42","slug":"ab-juni-2021-bibliotheken-bieten-wieder-arbeitsplaetze-an","status":"publish","type":"post","link":"https:\/\/blogs.fu-berlin.de\/bibliotheken\/2021\/05\/28\/ab-juni-2021-bibliotheken-bieten-wieder-arbeitsplaetze-an\/","title":{"rendered":"Ab Juni 2021: Bibliotheken bieten wieder Arbeitspl\u00e4tze an"},"content":{"rendered":"\n<p class=\"has-text-color has-background has-white-color has-bright-blue-background-color\">Please see below for the English version<\/p>\n\n\n\n<p>Wir planen \u00d6ffnungsschritte vorbehaltlich der noch erforderlichen \u00c4nderungen der Zweiten SARS-CoV-2-Infektionsschutzma\u00dfnahmenverordnung, die zum 01.06.2021 vorgesehen sind, sowie einer erfolgreichen Abstimmung der Hygienekonzepte mit den Besch\u00e4ftigtenvertretungen. <br>Arbeitspl\u00e4tze und Services vor Ort in Bibliotheken und PC-Pools der Freien Universit\u00e4t sollen ab 4. Juni 2021 sukzessiv nach vorheriger Platzreservierung und Vorlage eines negativen Testergebnisses wieder in Anspruch genommen werden k\u00f6nnen. Aktuelle Regelungen f\u00fcr kontaktarme Ausleihe und Online-Dienste bleiben unver\u00e4ndert. <\/p>\n\n\n\n<p><strong><a href=\"https:\/\/www.fu-berlin.de\/sites\/bibliotheken\/news\/wiederoeffnung-arbeitsplaetze.html\">Zur \u00dcbersicht im Bibliothekenf\u00fchrer<\/a><\/strong><\/p>\n\n\n\n<p>Nutzerinnen und Nutzer d\u00fcrfen die vorgesehenen Bereiche (z.B. Leses\u00e4le, PC-Pools) nur mit FFP2-Maske betreten. Auch am Arbeitsplatz ist die Maske dauerhaft zu tragen. Das Buchungssystem wird in den kommenden Tagen freigeschaltet.<\/p>\n\n\n\n<p class=\"has-text-color has-background has-white-color has-bright-blue-background-color\">We are planning opening steps subject to the changes that are still required to the Second SARS-CoV-2 Infection Protection Measures Ordinance (2. InfSchMV), which are planned for June 1st, 2021, as well as a successful coordination of the hygiene concepts with the employee representatives. Starting on  June 4, 2021, workspaces and other services on site in Libraries and Computer Labs should be offered. You will need to make reservations in advance and show proof of a recent negative Covid-19 test. The current regulations on lending services with little physical contact and online services will remain in place.<br><br><a href=\"https:\/\/www.fu-berlin.de\/en\/sites\/bibliotheken\/news\/wiederoeffnung-arbeitsplaetze.html\"><strong>To the Timetable in the Library Guide<\/strong><\/a><br><br>Users may only use the designated areas (e.g. reading rooms, PC pools) with an FFP2 mask. The mask must also be worn permanently at work. The booking system will be activated in the coming days.<\/p>\n","protected":false},"excerpt":{"rendered":"<p>Please see below for the English version Wir planen \u00d6ffnungsschritte vorbehaltlich der noch erforderlichen \u00c4nderungen der Zweiten SARS-CoV-2-Infektionsschutzma\u00dfnahmenverordnung, die zum 01.06.2021 vorgesehen sind, sowie einer erfolgreichen Abstimmung der Hygienekonzepte mit den Besch\u00e4ftigtenvertretungen. Arbeitspl\u00e4tze und Services vor Ort in Bibliotheken und PC-Pools der Freien Universit\u00e4t sollen ab 4. Juni 2021 sukzessiv nach vorheriger Platzreservierung und Vorlage &hellip; <a href=\"https:\/\/blogs.fu-berlin.de\/bibliotheken\/2021\/05\/28\/ab-juni-2021-bibliotheken-bieten-wieder-arbeitsplaetze-an\/\" class=\"more-link\"><span class=\"screen-reader-text\">\u201eAb Juni 2021: Bibliotheken bieten wieder Arbeitspl\u00e4tze an\u201c<\/span> weiterlesen<\/a><\/p>\n","protected":false},"author":293,"featured_media":28678,"comment_status":"open","ping_status":"open","sticky":false,"template":"","format":"standard","meta":{"footnotes":""},"categories":[9,600,601],"tags":[364803,237818,641,210573],"class_list":["post-28677","post","type-post","status-publish","format-standard","has-post-thumbnail","hentry","category-allgemein","category-fachbibliotheken","category-universitatsbibliothek","tag-arbeitsplaetze","tag-covid-19","tag-offnungszeiten","tag-sommersemester-2021"],"_links":{"self":[{"href":"https:\/\/blogs.fu-berlin.de\/bibliotheken\/wp-json\/wp\/v2\/posts\/28677","targetHints":{"allow":["GET"]}}],"collection":[{"href":"https:\/\/blogs.fu-berlin.de\/bibliotheken\/wp-json\/wp\/v2\/posts"}],"about":[{"href":"https:\/\/blogs.fu-berlin.de\/bibliotheken\/wp-json\/wp\/v2\/types\/post"}],"author":[{"embeddable":true,"href":"https:\/\/blogs.fu-berlin.de\/bibliotheken\/wp-json\/wp\/v2\/users\/293"}],"replies":[{"embeddable":true,"href":"https:\/\/blogs.fu-berlin.de\/bibliotheken\/wp-json\/wp\/v2\/comments?post=28677"}],"version-history":[{"count":5,"href":"https:\/\/blogs.fu-berlin.de\/bibliotheken\/wp-json\/wp\/v2\/posts\/28677\/revisions"}],"predecessor-version":[{"id":28684,"href":"https:\/\/blogs.fu-berlin.de\/bibliotheken\/wp-json\/wp\/v2\/posts\/28677\/revisions\/28684"}],"wp:featuredmedia":[{"embeddable":true,"href":"https:\/\/blogs.fu-berlin.de\/bibliotheken\/wp-json\/wp\/v2\/media\/28678"}],"wp:attachment":[{"href":"https:\/\/blogs.fu-berlin.de\/bibliotheken\/wp-json\/wp\/v2\/media?parent=28677"}],"wp:term":[{"taxonomy":"category","embeddable":true,"href":"https:\/\/blogs.fu-berlin.de\/bibliotheken\/wp-json\/wp\/v2\/categories?post=28677"},{"taxonomy":"post_tag","embeddable":true,"href":"https:\/\/blogs.fu-berlin.de\/bibliotheken\/wp-json\/wp\/v2\/tags?post=28677"}],"curies":[{"name":"wp","href":"https:\/\/api.w.org\/{rel}","templated":true}]}}