{"id":28686,"date":"2021-06-01T09:40:36","date_gmt":"2021-06-01T08:40:36","guid":{"rendered":"https:\/\/blogs.fu-berlin.de\/bibliotheken\/?p=28686"},"modified":"2021-06-01T09:42:05","modified_gmt":"2021-06-01T08:42:05","slug":"bibliothek-der-rechtwissenschaft-am-03-06-2021-geschlossen","status":"publish","type":"post","link":"https:\/\/blogs.fu-berlin.de\/bibliotheken\/2021\/06\/01\/bibliothek-der-rechtwissenschaft-am-03-06-2021-geschlossen\/","title":{"rendered":"Bibliothek der Rechtwissenschaft am 03.06.2021 geschlossen"},"content":{"rendered":"\n<p>Die Bibliothek der Rechtswissenschaft ist am Donnerstag, 3. Juni 2021, wegen dringender Wartungsarbeiten geschlossen.<\/p>\n\n\n\n<p>Am Freitag, 4. Juni 2021, und ab Montag, 7. Juni 2021, \u00f6ffnet die Bibliothek dann erstmals mit Arbeitsplatznutzung im Lesesaal. Die kontaktarme Ausleihe bleibt dann weiterhin m\u00f6glich. <\/p>\n\n\n\n<p>N\u00e4heres unter <a href=\"https:\/\/www.jura.fu-berlin.de\/bibliothek\/index.html\">www.jura.fu-berlin.de\/bibliothek<\/a>.<\/p>\n\n\n\n<p>Wir bitten um Verst\u00e4ndnis.<\/p>\n\n\n\n<figure class=\"wp-block-image size-large\"><img loading=\"lazy\" decoding=\"async\" width=\"759\" height=\"375\" src=\"https:\/\/blogs.fu-berlin.de\/bibliotheken\/files\/2021\/06\/jura_breit.jpg\" alt=\"\" class=\"wp-image-28687\" srcset=\"https:\/\/blogs.fu-berlin.de\/bibliotheken\/files\/2021\/06\/jura_breit.jpg 759w, https:\/\/blogs.fu-berlin.de\/bibliotheken\/files\/2021\/06\/jura_breit-300x148.jpg 300w\" sizes=\"auto, (max-width: 709px) 85vw, (max-width: 909px) 67vw, (max-width: 984px) 61vw, (max-width: 1362px) 45vw, 600px\" \/><\/figure>\n\n\n\n<p><\/p>\n\n\n\n<hr class=\"wp-block-separator is-style-default\" \/>\n\n\n\n<p>The Law Library will be closed on Thursday, June 3, 2021 for urgent maintenance.<\/p>\n\n\n\n<p>On Friday, June 4, 2021, and from Monday, June 7, 2021, the library will open for the first time with use of the workstation in the reading room. The low-contact loan will then still be possible. <\/p>\n\n\n\n<p>More at <a href=\"https:\/\/www.jura.fu-berlin.de\/en\/bibliothek\/index.html\">www.jura.fu-berlin.de\/bibliothek<\/a>.<\/p>\n\n\n\n<p>We kindly ask for your understanding.<\/p>\n\n\n\n<p><\/p>\n","protected":false},"excerpt":{"rendered":"<p>Die Bibliothek der Rechtswissenschaft ist am Donnerstag, 3. Juni 2021, wegen dringender Wartungsarbeiten geschlossen. Am Freitag, 4. Juni 2021, und ab Montag, 7. Juni 2021, \u00f6ffnet die Bibliothek dann erstmals mit Arbeitsplatznutzung im Lesesaal. Die kontaktarme Ausleihe bleibt dann weiterhin m\u00f6glich. N\u00e4heres unter www.jura.fu-berlin.de\/bibliothek. Wir bitten um Verst\u00e4ndnis. The Law Library will be closed on &hellip; <a href=\"https:\/\/blogs.fu-berlin.de\/bibliotheken\/2021\/06\/01\/bibliothek-der-rechtwissenschaft-am-03-06-2021-geschlossen\/\" class=\"more-link\"><span class=\"screen-reader-text\">\u201eBibliothek der Rechtwissenschaft am 03.06.2021 geschlossen\u201c<\/span> weiterlesen<\/a><\/p>\n","protected":false},"author":5902,"featured_media":0,"comment_status":"open","ping_status":"open","sticky":false,"template":"","format":"standard","meta":{"footnotes":""},"categories":[9,600],"tags":[641,237774,12121],"class_list":["post-28686","post","type-post","status-publish","format-standard","hentry","category-allgemein","category-fachbibliotheken","tag-offnungszeiten","tag-sonderschliesszeiten","tag-wartungsarbeiten"],"_links":{"self":[{"href":"https:\/\/blogs.fu-berlin.de\/bibliotheken\/wp-json\/wp\/v2\/posts\/28686","targetHints":{"allow":["GET"]}}],"collection":[{"href":"https:\/\/blogs.fu-berlin.de\/bibliotheken\/wp-json\/wp\/v2\/posts"}],"about":[{"href":"https:\/\/blogs.fu-berlin.de\/bibliotheken\/wp-json\/wp\/v2\/types\/post"}],"author":[{"embeddable":true,"href":"https:\/\/blogs.fu-berlin.de\/bibliotheken\/wp-json\/wp\/v2\/users\/5902"}],"replies":[{"embeddable":true,"href":"https:\/\/blogs.fu-berlin.de\/bibliotheken\/wp-json\/wp\/v2\/comments?post=28686"}],"version-history":[{"count":3,"href":"https:\/\/blogs.fu-berlin.de\/bibliotheken\/wp-json\/wp\/v2\/posts\/28686\/revisions"}],"predecessor-version":[{"id":28690,"href":"https:\/\/blogs.fu-berlin.de\/bibliotheken\/wp-json\/wp\/v2\/posts\/28686\/revisions\/28690"}],"wp:attachment":[{"href":"https:\/\/blogs.fu-berlin.de\/bibliotheken\/wp-json\/wp\/v2\/media?parent=28686"}],"wp:term":[{"taxonomy":"category","embeddable":true,"href":"https:\/\/blogs.fu-berlin.de\/bibliotheken\/wp-json\/wp\/v2\/categories?post=28686"},{"taxonomy":"post_tag","embeddable":true,"href":"https:\/\/blogs.fu-berlin.de\/bibliotheken\/wp-json\/wp\/v2\/tags?post=28686"}],"curies":[{"name":"wp","href":"https:\/\/api.w.org\/{rel}","templated":true}]}}