{"id":28691,"date":"2021-06-02T09:40:48","date_gmt":"2021-06-02T08:40:48","guid":{"rendered":"https:\/\/blogs.fu-berlin.de\/bibliotheken\/?p=28691"},"modified":"2021-06-02T10:42:31","modified_gmt":"2021-06-02T09:42:31","slug":"weltfahrradtag-bookbike","status":"publish","type":"post","link":"https:\/\/blogs.fu-berlin.de\/bibliotheken\/2021\/06\/02\/weltfahrradtag-bookbike\/","title":{"rendered":"Weltfahrradtag &#8211; #bookbike"},"content":{"rendered":"\n<p>Am 03. Juni ist der &#8222;Tag des Fahrrads&#8220; &#8211; in urbanen R\u00e4umen ist das Fahrrad zunehmend DAS umweltvertr\u00e4gliche Fortbewegungsmittel f\u00fcr den t\u00e4glichen Weg zur Arbeit und f\u00fcr private Touren. Der heutige Tag ist von der UN seit 2018 als Weltfahrrad-Tag benannt. Fahrrad fahren bedeutet Bewegung, klimaneutrale Mobilit\u00e4t, einfache Fortbewegung und auch Bildung.<\/p>\n\n\n\n<p>In der vielf\u00e4ltigen Bibliothekslandschaft auf nationaler und internationaler Ebene gibt es zahlreiche Beispiele der Literaturversorgung &#8222;auf R\u00e4dern&#8220;. Bibliotheksmitarbeiterinnen und Bibliotheksmitarbeiter sch\u00e4tzen diese Art der Informationsversorgung sehr. Frische Luft, Bewegung, begeisterte Leserinnen und Leser in Parks und Schulen &#8211; so geht umweltbewusste und engagierte Bibliotheksarbeit! <\/p>\n\n\n\n<figure class=\"wp-block-image size-large is-resized\"><img loading=\"lazy\" decoding=\"async\" src=\"https:\/\/blogs.fu-berlin.de\/bibliotheken\/files\/2021\/06\/BookBike.png\" alt=\"\" class=\"wp-image-28692\" width=\"572\" height=\"351\" srcset=\"https:\/\/blogs.fu-berlin.de\/bibliotheken\/files\/2021\/06\/BookBike.png 968w, https:\/\/blogs.fu-berlin.de\/bibliotheken\/files\/2021\/06\/BookBike-300x185.png 300w\" sizes=\"auto, (max-width: 572px) 85vw, 572px\" \/><\/figure>\n\n\n\n<p>Neben den L\u00f6sungen der Lastenfahrr\u00e4der gibt es in der Berliner Bibliothekslandschaft unter anderem das &#8222;Bibo-Bike&#8220; der Bezirksbibliothek Friedrichshain-Kreuzberg. Die mobile Bibliothek ist in Berliner Parks nicht zu \u00fcbersehen. Die Leseinsel mit Medienregal und H\u00e4ngematten ist ein Anziehungspunkt f\u00fcr Lesebegeisterte. <\/p>\n\n\n\n<figure class=\"wp-block-image size-large is-resized\"><img loading=\"lazy\" decoding=\"async\" src=\"https:\/\/blogs.fu-berlin.de\/bibliotheken\/files\/2021\/06\/Bibobike.png\" alt=\"\" class=\"wp-image-28693\" width=\"587\" height=\"324\" srcset=\"https:\/\/blogs.fu-berlin.de\/bibliotheken\/files\/2021\/06\/Bibobike.png 554w, https:\/\/blogs.fu-berlin.de\/bibliotheken\/files\/2021\/06\/Bibobike-300x166.png 300w\" sizes=\"auto, (max-width: 587px) 85vw, 587px\" \/><\/figure>\n\n\n\n<p>Transportwege auch zwischen Bibliotheksstandorten mit dem Lastenrad zu erm\u00f6glichen, Buchanlieferungen lokaler Buchh\u00e4ndler auf R\u00e4dern, als auch Mitarbeiterinnen und Mitarbeiter zu motivieren, vermehrt auf das Fahrrad umzusteigen, sind weitere Beispiele zum heutigen Weltfahrradtag.<\/p>\n\n\n\n<p>In puncto sozialer Nachhaltigkeit gibt es L\u00e4nder, deren weit abgelegene Orte eine Literaturversorgung sehr schwierig machen. In Ghana gibt es seit 2007 die B\u00fccherei auf R\u00e4dern. Der Gr\u00fcnder Frank Akowuge Dugasseh fuhr anfangs mit einer Handvoll Bilderb\u00fcchern auf dem Fahrrad zu Kindern in Dorfgemeinden. Schulb\u00fccher m\u00fcssen oft mit mehreren Kindern geteilt werden, eine Bibliothek ist nicht erreichbar. So ist das Fahrrad dort ein Weg zu besserer Bildung. (Vgl. <a href=\"https:\/\/www.globalcitizen.org\/de\/content\/africa-series-ghana-bibliothek-fahrrad-e-learning\/\">https:\/\/www.globalcitizen.org\/de\/content\/africa-series-ghana-bibliothek-fahrrad-e-learning\/<\/a>)<\/p>\n\n\n\n<hr class=\"wp-block-separator\" \/>\n\n\n\n<p>Mit vorsichtigen \u00d6ffnungsschritten der Bibliotheken r\u00fcckt vielleicht auch die M\u00f6glichkeit f\u00fcr Studierende der Freien Universit\u00e4t n\u00e4her, das stromerzeugende Fahrrad auszuprobieren. Obgleich es hier nicht die Fortbewegung, sondern vielmehr die leichte Bewegung f\u00fcr mehr Konzentration ist: das gleichzeitige Aufladen von Tablet oder Handy ist ein kleines Erlebnis am Ort Bibliothek.<\/p>\n\n\n\n<figure class=\"wp-block-image size-large is-resized\"><img loading=\"lazy\" decoding=\"async\" src=\"https:\/\/blogs.fu-berlin.de\/bibliotheken\/files\/2021\/06\/Foto1-scaled.jpg\" alt=\"\" class=\"wp-image-28694\" width=\"561\" height=\"420\" srcset=\"https:\/\/blogs.fu-berlin.de\/bibliotheken\/files\/2021\/06\/Foto1-scaled.jpg 2560w, https:\/\/blogs.fu-berlin.de\/bibliotheken\/files\/2021\/06\/Foto1-300x225.jpg 300w, https:\/\/blogs.fu-berlin.de\/bibliotheken\/files\/2021\/06\/Foto1-1536x1152.jpg 1536w, https:\/\/blogs.fu-berlin.de\/bibliotheken\/files\/2021\/06\/Foto1-2048x1536.jpg 2048w, https:\/\/blogs.fu-berlin.de\/bibliotheken\/files\/2021\/06\/Foto1-1200x900.jpg 1200w\" sizes=\"auto, (max-width: 561px) 85vw, 561px\" \/><figcaption>Foto: Janet Wagner<\/figcaption><\/figure>\n\n\n\n<p>Nicht zuletzt zeigen diese Beispiele auch, dass ein nachhaltiges Verkehrssystem gleichzeitig den Kampf gegen den Klimawandel unterst\u00fctzt. Das Erreichen der Ziele f\u00fcr nachhaltige Entwicklung in den Bereichen Klimaschutz an Land, nachhaltige St\u00e4dte und Gemeinden und Bildungschancen f\u00fcr Alle wird damit gleichzeitig unterst\u00fctzt. <\/p>\n\n\n\n<p>Unter dem oben genannten Hashtag #bookbike finden sich in den sozialen Medien anschauliche und wunderbare Beispiele der Verbindung von Fahrrad und B\u00fcchern. <\/p>\n","protected":false},"excerpt":{"rendered":"<p>Am 03. Juni ist der &#8222;Tag des Fahrrads&#8220; &#8211; in urbanen R\u00e4umen ist das Fahrrad zunehmend DAS umweltvertr\u00e4gliche Fortbewegungsmittel f\u00fcr den t\u00e4glichen Weg zur Arbeit und f\u00fcr private Touren. Der heutige Tag ist von der UN seit 2018 als Weltfahrrad-Tag benannt. Fahrrad fahren bedeutet Bewegung, klimaneutrale Mobilit\u00e4t, einfache Fortbewegung und auch Bildung. In der vielf\u00e4ltigen &hellip; <a href=\"https:\/\/blogs.fu-berlin.de\/bibliotheken\/2021\/06\/02\/weltfahrradtag-bookbike\/\" class=\"more-link\"><span class=\"screen-reader-text\">\u201eWeltfahrradtag &#8211; #bookbike\u201c<\/span> weiterlesen<\/a><\/p>\n","protected":false},"author":5902,"featured_media":0,"comment_status":"open","ping_status":"open","sticky":false,"template":"","format":"standard","meta":{"footnotes":""},"categories":[9,599,600,604],"tags":[196703,368574,227391,368573,2678],"class_list":["post-28691","post","type-post","status-publish","format-standard","hentry","category-allgemein","category-bibliothekswesen","category-fachbibliotheken","category-ins-netz-geschaut","tag-17-ziele-fuer-nachhaltige-entwicklung","tag-bewegung","tag-fahrradergometer","tag-mobilitaet","tag-nachhaltigkeit"],"_links":{"self":[{"href":"https:\/\/blogs.fu-berlin.de\/bibliotheken\/wp-json\/wp\/v2\/posts\/28691","targetHints":{"allow":["GET"]}}],"collection":[{"href":"https:\/\/blogs.fu-berlin.de\/bibliotheken\/wp-json\/wp\/v2\/posts"}],"about":[{"href":"https:\/\/blogs.fu-berlin.de\/bibliotheken\/wp-json\/wp\/v2\/types\/post"}],"author":[{"embeddable":true,"href":"https:\/\/blogs.fu-berlin.de\/bibliotheken\/wp-json\/wp\/v2\/users\/5902"}],"replies":[{"embeddable":true,"href":"https:\/\/blogs.fu-berlin.de\/bibliotheken\/wp-json\/wp\/v2\/comments?post=28691"}],"version-history":[{"count":7,"href":"https:\/\/blogs.fu-berlin.de\/bibliotheken\/wp-json\/wp\/v2\/posts\/28691\/revisions"}],"predecessor-version":[{"id":28702,"href":"https:\/\/blogs.fu-berlin.de\/bibliotheken\/wp-json\/wp\/v2\/posts\/28691\/revisions\/28702"}],"wp:attachment":[{"href":"https:\/\/blogs.fu-berlin.de\/bibliotheken\/wp-json\/wp\/v2\/media?parent=28691"}],"wp:term":[{"taxonomy":"category","embeddable":true,"href":"https:\/\/blogs.fu-berlin.de\/bibliotheken\/wp-json\/wp\/v2\/categories?post=28691"},{"taxonomy":"post_tag","embeddable":true,"href":"https:\/\/blogs.fu-berlin.de\/bibliotheken\/wp-json\/wp\/v2\/tags?post=28691"}],"curies":[{"name":"wp","href":"https:\/\/api.w.org\/{rel}","templated":true}]}}