{"id":28703,"date":"2021-06-04T09:10:20","date_gmt":"2021-06-04T08:10:20","guid":{"rendered":"https:\/\/blogs.fu-berlin.de\/bibliotheken\/?p=28703"},"modified":"2021-06-04T09:10:20","modified_gmt":"2021-06-04T08:10:20","slug":"buchung-von-arbeitsplaetzen-ab-dem-4-juni-2021","status":"publish","type":"post","link":"https:\/\/blogs.fu-berlin.de\/bibliotheken\/2021\/06\/04\/buchung-von-arbeitsplaetzen-ab-dem-4-juni-2021\/","title":{"rendered":"Buchung von Arbeitspl\u00e4tzen ab dem 4. Juni 2021"},"content":{"rendered":"\n<p>Die Bibliotheken der Freien Universit\u00e4t bieten ab dem 4. Juni 2021 nach <a href=\"https:\/\/www.fu-berlin.de\/sites\/bibliotheken\/news\/wiederoeffnung-arbeitsplaetze.html\">vorheriger Online-Terminbuchung<\/a> sukzessiv wieder Arbeitspl\u00e4tze an. Das Angebot gilt f\u00fcr<strong> FU-Angeh\u00f6rige<\/strong> und <strong>externe Benutzerinnen und Benutzer<\/strong>.<\/p>\n\n\n\n<p>Aufgrund der Corona-Pandemie k\u00f6nnen die H\u00e4user nur einen Teil ihrer Arbeitspl\u00e4tze anbieten. Es handelt sich dabei ausschlie\u00dflich um Einzelarbeitspl\u00e4tze.<\/p>\n\n\n\n<p>Bitte beachten Sie, dass als Voraussetzung f\u00fcr die Nutzung von Arbeitspl\u00e4tzen <strong>eines<\/strong> der folgenden Kriterien erf\u00fcllt sein muss:<\/p>\n\n\n\n<ul class=\"wp-block-list\"><li>Nachweis eines negativen Testergebnisses eines Covid-19-Tests nach \u00a76b der <a href=\"https:\/\/www.berlin.de\/corona\/massnahmen\/verordnung\/#headline_1_4#headline_1_4#headline_1_4#headline_1_4\" target=\"_blank\" rel=\"noreferrer noopener\">Zweiten SARS-CoV-2-Infektionsschutzma\u00dfnahmenverordnung<\/a>, nicht \u00e4lter als 24 Stunden durch die Bescheinigung einer anerkannten Teststelle (z.B. Testzentrum, Arzt),<\/li><li>Nachweis \u00fcber den vollst\u00e4ndigen Impfschutz gegen Covid-19 durch die Impfung mit einem von der Europ\u00e4ischen Union zugelassenen Impfstoff und dass die letzte erforderliche Impfung mindestens 14 Tage zur\u00fcckliegt,<\/li><li>Nachweis \u00fcber die Genesung von einer Covid-19-Erkrankung, durch ein mindestens 28 Tage und h\u00f6chstens sechs Monate zur\u00fcckliegendes positives PCR-Testergebnis auf eine Infektion mit dem Coronavirus SARS-CoV-2 nachweisen k\u00f6nnen,<\/li><li>oder Nachweis eines mehr als sechs Monate zur\u00fcckliegendes positives PCR-Testergebnis auf eine Infektion mit dem Coronavirus SARS-CoV-2 nachweisen k\u00f6nnen und mindestens eine Impfung gegen Covid-19 mit einem von der Europ\u00e4ischen Union zugelassenen Impfstoff erhalten haben und deren Impfung mindestens 14 Tage zur\u00fcckliegt<\/li><\/ul>\n\n\n\n<p>Selbsttests werden <strong>nicht <\/strong>als Nachweis akzeptiert.<\/p>\n\n\n\n<p><strong>Ohne Vorlage entsprechender Dokumente (inkl. Buchungsbest\u00e4tigung) kann der Zutritt auch bei Platzreservierung nicht erm\u00f6glicht werden<\/strong>.<\/p>\n\n\n\n<p><strong>Das Tragen von FFP2-Masken ist sowohl in den Bibliotheken, als auch w\u00e4hrend des Aufenthalts am Arbeitsplatz verpflichtend.<\/strong><\/p>\n","protected":false},"excerpt":{"rendered":"<p>Die Bibliotheken der Freien Universit\u00e4t bieten ab dem 4. Juni 2021 nach vorheriger Online-Terminbuchung sukzessiv wieder Arbeitspl\u00e4tze an. Das Angebot gilt f\u00fcr FU-Angeh\u00f6rige und externe Benutzerinnen und Benutzer. Aufgrund der Corona-Pandemie k\u00f6nnen die H\u00e4user nur einen Teil ihrer Arbeitspl\u00e4tze anbieten. Es handelt sich dabei ausschlie\u00dflich um Einzelarbeitspl\u00e4tze. Bitte beachten Sie, dass als Voraussetzung f\u00fcr die &hellip; <a href=\"https:\/\/blogs.fu-berlin.de\/bibliotheken\/2021\/06\/04\/buchung-von-arbeitsplaetzen-ab-dem-4-juni-2021\/\" class=\"more-link\"><span class=\"screen-reader-text\">\u201eBuchung von Arbeitspl\u00e4tzen ab dem 4. Juni 2021\u201c<\/span> weiterlesen<\/a><\/p>\n","protected":false},"author":293,"featured_media":28678,"comment_status":"open","ping_status":"open","sticky":false,"template":"","format":"standard","meta":{"footnotes":""},"categories":[9,600,601],"tags":[364803,237818,318227,318201],"class_list":["post-28703","post","type-post","status-publish","format-standard","has-post-thumbnail","hentry","category-allgemein","category-fachbibliotheken","category-universitatsbibliothek","tag-arbeitsplaetze","tag-covid-19","tag-einzelarbeitsplaetze","tag-wiedereroeffnung"],"_links":{"self":[{"href":"https:\/\/blogs.fu-berlin.de\/bibliotheken\/wp-json\/wp\/v2\/posts\/28703","targetHints":{"allow":["GET"]}}],"collection":[{"href":"https:\/\/blogs.fu-berlin.de\/bibliotheken\/wp-json\/wp\/v2\/posts"}],"about":[{"href":"https:\/\/blogs.fu-berlin.de\/bibliotheken\/wp-json\/wp\/v2\/types\/post"}],"author":[{"embeddable":true,"href":"https:\/\/blogs.fu-berlin.de\/bibliotheken\/wp-json\/wp\/v2\/users\/293"}],"replies":[{"embeddable":true,"href":"https:\/\/blogs.fu-berlin.de\/bibliotheken\/wp-json\/wp\/v2\/comments?post=28703"}],"version-history":[{"count":2,"href":"https:\/\/blogs.fu-berlin.de\/bibliotheken\/wp-json\/wp\/v2\/posts\/28703\/revisions"}],"predecessor-version":[{"id":28705,"href":"https:\/\/blogs.fu-berlin.de\/bibliotheken\/wp-json\/wp\/v2\/posts\/28703\/revisions\/28705"}],"wp:featuredmedia":[{"embeddable":true,"href":"https:\/\/blogs.fu-berlin.de\/bibliotheken\/wp-json\/wp\/v2\/media\/28678"}],"wp:attachment":[{"href":"https:\/\/blogs.fu-berlin.de\/bibliotheken\/wp-json\/wp\/v2\/media?parent=28703"}],"wp:term":[{"taxonomy":"category","embeddable":true,"href":"https:\/\/blogs.fu-berlin.de\/bibliotheken\/wp-json\/wp\/v2\/categories?post=28703"},{"taxonomy":"post_tag","embeddable":true,"href":"https:\/\/blogs.fu-berlin.de\/bibliotheken\/wp-json\/wp\/v2\/tags?post=28703"}],"curies":[{"name":"wp","href":"https:\/\/api.w.org\/{rel}","templated":true}]}}