{"id":2873,"date":"2009-10-06T12:09:53","date_gmt":"2009-10-06T11:09:53","guid":{"rendered":"https:\/\/blogs.fu-berlin.de\/bibliotheken\/?p=2873"},"modified":"2009-10-06T12:09:53","modified_gmt":"2009-10-06T11:09:53","slug":"verlangerte-wochenendoffnungszeiten-ab-dem-17102009-in-der-philologischen-bibliothek","status":"publish","type":"post","link":"https:\/\/blogs.fu-berlin.de\/bibliotheken\/2009\/10\/06\/verlangerte-wochenendoffnungszeiten-ab-dem-17102009-in-der-philologischen-bibliothek\/","title":{"rendered":"Verl\u00e4ngerte Wochenend\u00f6ffnungszeiten ab dem 17.10.2009 in der Philologischen Bibliothek"},"content":{"rendered":"<p>Wie von vielen Nutzern in unserer Umfrage gew\u00fcnscht, werden wir ab dem 17.10.2009 Wochenende jeweils eine Stunde l\u00e4nger ge\u00f6ffnet haben.<\/p>\n<p>Die neuen \u00d6ffnungszeiten sind dann wie folgt:<br \/>\nMo-Fr: 9 &#8211; 22 Uhr<br \/>\nSa-So: 10 \u2013 18 Uhr<\/p>\n","protected":false},"excerpt":{"rendered":"<p>Wie von vielen Nutzern in unserer Umfrage gew\u00fcnscht, werden wir ab dem 17.10.2009 Wochenende jeweils eine Stunde l\u00e4nger ge\u00f6ffnet haben. Die neuen \u00d6ffnungszeiten sind dann wie folgt: Mo-Fr: 9 &#8211; 22 Uhr Sa-So: 10 \u2013 18 Uhr<\/p>\n","protected":false},"author":388,"featured_media":0,"comment_status":"open","ping_status":"open","sticky":false,"template":"","format":"standard","meta":{"footnotes":""},"categories":[9,600],"tags":[515],"class_list":["post-2873","post","type-post","status-publish","format-standard","hentry","category-allgemein","category-fachbibliotheken","tag-philologische-bibliothek"],"_links":{"self":[{"href":"https:\/\/blogs.fu-berlin.de\/bibliotheken\/wp-json\/wp\/v2\/posts\/2873","targetHints":{"allow":["GET"]}}],"collection":[{"href":"https:\/\/blogs.fu-berlin.de\/bibliotheken\/wp-json\/wp\/v2\/posts"}],"about":[{"href":"https:\/\/blogs.fu-berlin.de\/bibliotheken\/wp-json\/wp\/v2\/types\/post"}],"author":[{"embeddable":true,"href":"https:\/\/blogs.fu-berlin.de\/bibliotheken\/wp-json\/wp\/v2\/users\/388"}],"replies":[{"embeddable":true,"href":"https:\/\/blogs.fu-berlin.de\/bibliotheken\/wp-json\/wp\/v2\/comments?post=2873"}],"version-history":[{"count":1,"href":"https:\/\/blogs.fu-berlin.de\/bibliotheken\/wp-json\/wp\/v2\/posts\/2873\/revisions"}],"predecessor-version":[{"id":2874,"href":"https:\/\/blogs.fu-berlin.de\/bibliotheken\/wp-json\/wp\/v2\/posts\/2873\/revisions\/2874"}],"wp:attachment":[{"href":"https:\/\/blogs.fu-berlin.de\/bibliotheken\/wp-json\/wp\/v2\/media?parent=2873"}],"wp:term":[{"taxonomy":"category","embeddable":true,"href":"https:\/\/blogs.fu-berlin.de\/bibliotheken\/wp-json\/wp\/v2\/categories?post=2873"},{"taxonomy":"post_tag","embeddable":true,"href":"https:\/\/blogs.fu-berlin.de\/bibliotheken\/wp-json\/wp\/v2\/tags?post=2873"}],"curies":[{"name":"wp","href":"https:\/\/api.w.org\/{rel}","templated":true}]}}