{"id":28731,"date":"2021-06-18T07:50:39","date_gmt":"2021-06-18T06:50:39","guid":{"rendered":"https:\/\/blogs.fu-berlin.de\/bibliotheken\/?p=28731"},"modified":"2021-06-18T07:54:14","modified_gmt":"2021-06-18T06:54:14","slug":"bundesweiter-digitaltag-am-18-juni-wir-sind-dabei","status":"publish","type":"post","link":"https:\/\/blogs.fu-berlin.de\/bibliotheken\/2021\/06\/18\/bundesweiter-digitaltag-am-18-juni-wir-sind-dabei\/","title":{"rendered":"Bundesweiter Digitaltag am 18. Juni &#8211; wir sind dabei!"},"content":{"rendered":"\n<p>Am Freitag, den 18. Juni 2021 findet der <a href=\"https:\/\/digitaltag.eu\/\">Digitaltag<\/a> statt. Der Aktionstag bietet eine Plattform, um verschiedenste Aspekte der Digitalisierung zu beleuchten, Chancen und Herausforderungen zu diskutieren und einen breiten gesellschaftlichen Dialog anzusto\u00dfen. Es steht allen offen, Dialoge, Online-Beratungen, virtuelle F\u00fchrungen, Tutorials und Seminare oder Hackathons zu besuchen. Die einzelnen Aktivit\u00e4ten werden auf <a href=\"http:\/\/www.digitaltag.eu\">www.digitaltag.eu<\/a> auf einer interaktiven Aktionslandkarte dargestellt.<\/p>\n\n\n\n<p>Die Universit\u00e4tsbibliothek ist das erste Mal mit <strong>zwei Online-Veranstaltungen<\/strong> (verwendete Software: Cisco Webex) unter dem Motto &#8222;Wissenschaftliches arbeiten leicht gemacht&#8220; vertreten:<\/p>\n\n\n\n<p>Los geht&#8217;s um <strong>10:00 Uhr <\/strong>mit dem Webinar<strong> <a href=\"https:\/\/digitaltag.eu\/wissenschaftliches-arbeiten-leicht-gemacht-qualitaetspresse-finden-fake-news-vermeiden\">Qualit\u00e4tspresse finden, Fake News vermeiden<\/a><\/strong>. Die Veranstaltung bietet Ihnen einen Einstieg in die Recherche nach Zeitungsartikeln der Qualit\u00e4tspresse, kl\u00e4rt allgemein \u00fcber die Presselandschaft sowie anhand von Beispielen \u00fcber das Thema Fake News auf. Auch werden einschl\u00e4gige Faktencheckportale pr\u00e4sentiert.<\/p>\n\n\n\n<p>Ab <strong>14:00 Uhr <\/strong>bringen wir Ihnen im Webinar <a href=\"https:\/\/digitaltag.eu\/wissenschaftliches-arbeiten-leicht-gemacht-literaturverwaltung-mit-zotero\"><strong>Literaturverwaltung mit Zotero<\/strong><\/a> ein kostenfreies Literaturverwaltungsprogramm n\u00e4her. Es kann als Alternative zu lizenzpflichtigen Konkurrenzprodukten wie Citavi oder EndNote genutzt werden. Wir f\u00fchren in das Sammeln und Verwalten von verschiedenen Informationsquellen ein und behandelt das Einf\u00fcgen von Literaturnachweisen in eigene Texte.<\/p>\n\n\n\n<p>Ziel des Digitaltags ist die F\u00f6rderung der digitalen Teilhabe. Tr\u00e4gerin ist die Initiative \u201eDigital f\u00fcr alle\u201c. Dahinter steht ein breites B\u00fcndnis von 27 Organisationen aus den Bereichen Zivilgesellschaft, Kultur, Wissenschaft, Wirtschaft, Wohlfahrt und \u00f6ffentliche Hand. Alle Menschen in Deutschland sollen in die Lage versetzt werden, sich selbstbewusst und selbstbestimmt in der digitalen Welt zu bewegen.<\/p>\n\n\n\n<p>Im Rahmen des Digitaltags wird zudem der \u201ePreis f\u00fcr digitales Miteinander\u201c in den Kategorien \u201eDigitale Teilhabe\u201c und \u201eDigitales Engagement\u201c verliehen. Der Preis ist je Kategorie mit 10.000 Euro dotiert. Informationen und Hintergr\u00fcnde zur Initiative \u201eDigital f\u00fcr alle\u201c sowie zum Digitaltag, den Aktionen und Beteiligungsm\u00f6glichkeiten, und zum Preis f\u00fcr digitales Miteinander gibt es unter <a href=\"http:\/\/www.digitaltag.eu\">www.digitaltag.eu<\/a>.<\/p>\n","protected":false},"excerpt":{"rendered":"<p>Am Freitag, den 18. Juni 2021 findet der Digitaltag statt. Der Aktionstag bietet eine Plattform, um verschiedenste Aspekte der Digitalisierung zu beleuchten, Chancen und Herausforderungen zu diskutieren und einen breiten gesellschaftlichen Dialog anzusto\u00dfen. Es steht allen offen, Dialoge, Online-Beratungen, virtuelle F\u00fchrungen, Tutorials und Seminare oder Hackathons zu besuchen. Die einzelnen Aktivit\u00e4ten werden auf www.digitaltag.eu auf &hellip; <a href=\"https:\/\/blogs.fu-berlin.de\/bibliotheken\/2021\/06\/18\/bundesweiter-digitaltag-am-18-juni-wir-sind-dabei\/\" class=\"more-link\"><span class=\"screen-reader-text\">\u201eBundesweiter Digitaltag am 18. Juni &#8211; wir sind dabei!\u201c<\/span> weiterlesen<\/a><\/p>\n","protected":false},"author":293,"featured_media":28734,"comment_status":"open","ping_status":"open","sticky":false,"template":"","format":"standard","meta":{"footnotes":""},"categories":[9,491,493,601,70],"tags":[318222,196571,1859,1289,33661,187976],"class_list":["post-28731","post","type-post","status-publish","format-standard","has-post-thumbnail","hentry","category-allgemein","category-lernangebote-kurse","category-recherchetipps","category-universitatsbibliothek","category-veranstaltungen","tag-digitaltag","tag-fake-news","tag-literaturverwaltung","tag-presserecherche","tag-webinar","tag-zotero"],"_links":{"self":[{"href":"https:\/\/blogs.fu-berlin.de\/bibliotheken\/wp-json\/wp\/v2\/posts\/28731","targetHints":{"allow":["GET"]}}],"collection":[{"href":"https:\/\/blogs.fu-berlin.de\/bibliotheken\/wp-json\/wp\/v2\/posts"}],"about":[{"href":"https:\/\/blogs.fu-berlin.de\/bibliotheken\/wp-json\/wp\/v2\/types\/post"}],"author":[{"embeddable":true,"href":"https:\/\/blogs.fu-berlin.de\/bibliotheken\/wp-json\/wp\/v2\/users\/293"}],"replies":[{"embeddable":true,"href":"https:\/\/blogs.fu-berlin.de\/bibliotheken\/wp-json\/wp\/v2\/comments?post=28731"}],"version-history":[{"count":4,"href":"https:\/\/blogs.fu-berlin.de\/bibliotheken\/wp-json\/wp\/v2\/posts\/28731\/revisions"}],"predecessor-version":[{"id":28736,"href":"https:\/\/blogs.fu-berlin.de\/bibliotheken\/wp-json\/wp\/v2\/posts\/28731\/revisions\/28736"}],"wp:featuredmedia":[{"embeddable":true,"href":"https:\/\/blogs.fu-berlin.de\/bibliotheken\/wp-json\/wp\/v2\/media\/28734"}],"wp:attachment":[{"href":"https:\/\/blogs.fu-berlin.de\/bibliotheken\/wp-json\/wp\/v2\/media?parent=28731"}],"wp:term":[{"taxonomy":"category","embeddable":true,"href":"https:\/\/blogs.fu-berlin.de\/bibliotheken\/wp-json\/wp\/v2\/categories?post=28731"},{"taxonomy":"post_tag","embeddable":true,"href":"https:\/\/blogs.fu-berlin.de\/bibliotheken\/wp-json\/wp\/v2\/tags?post=28731"}],"curies":[{"name":"wp","href":"https:\/\/api.w.org\/{rel}","templated":true}]}}