{"id":28778,"date":"2021-07-15T12:01:29","date_gmt":"2021-07-15T11:01:29","guid":{"rendered":"https:\/\/blogs.fu-berlin.de\/bibliotheken\/?p=28778"},"modified":"2021-07-15T12:01:29","modified_gmt":"2021-07-15T11:01:29","slug":"neue-dauerausstellung-en-passant","status":"publish","type":"post","link":"https:\/\/blogs.fu-berlin.de\/bibliotheken\/2021\/07\/15\/neue-dauerausstellung-en-passant\/","title":{"rendered":"Neue Dauerausstellung &#8222;En Passant&#8220;"},"content":{"rendered":"\n<div class=\"wp-block-media-text alignwide has-media-on-the-right is-stacked-on-mobile\" style=\"grid-template-columns:auto 23%\"><figure class=\"wp-block-media-text__media\"><img loading=\"lazy\" decoding=\"async\" width=\"1815\" height=\"2560\" src=\"https:\/\/blogs.fu-berlin.de\/bibliotheken\/files\/2021\/07\/Plakat_En_Passant-2-scaled.jpg\" alt=\"\" class=\"wp-image-28781\" srcset=\"https:\/\/blogs.fu-berlin.de\/bibliotheken\/files\/2021\/07\/Plakat_En_Passant-2-scaled.jpg 1815w, https:\/\/blogs.fu-berlin.de\/bibliotheken\/files\/2021\/07\/Plakat_En_Passant-2-213x300.jpg 213w, https:\/\/blogs.fu-berlin.de\/bibliotheken\/files\/2021\/07\/Plakat_En_Passant-2-1089x1536.jpg 1089w, https:\/\/blogs.fu-berlin.de\/bibliotheken\/files\/2021\/07\/Plakat_En_Passant-2-1452x2048.jpg 1452w, https:\/\/blogs.fu-berlin.de\/bibliotheken\/files\/2021\/07\/Plakat_En_Passant-2-1200x1693.jpg 1200w\" sizes=\"auto, (max-width: 709px) 85vw, (max-width: 909px) 67vw, (max-width: 1362px) 62vw, 840px\" \/><\/figure><div class=\"wp-block-media-text__content\">\n<p>Im Foyer der Universit\u00e4tsbibliothek k\u00f6nnen Sie nun <em>En Passant<\/em> Statements rund um das Thema Bibliothek lesen.<br>Die Ausstellung beleuchtet das Thema Bibliotheken durch Aussagen, Erinnerungen und Erlebnisse von bekannten oder innovativen Menschen, die einen Bezug zu unserer Universit\u00e4t haben. Ziel ist es, eine lebendige, pers\u00f6nliche und leichtgewichtige Auseinandersetzung mit der Rolle und Wahrnehmung von Bibliotheken zu erm\u00f6glichen. Die Ausstellung gibt kritischen, kuriosen, humorvollen und ehrlichen Erinnerungen Raum und l\u00e4sst unsere (ehemaligen) Nutzenden zu Wort kommen.<\/p>\n<\/div><\/div>\n\n\n\n<p>Zum Turnus der beginnenden Hochschulsemester werden die jeweils f\u00fcnf Personen ausgetauscht, deren Texte in der Vitrine pr\u00e4sentiert werden, so dass sich ein etwa halbj\u00e4hriger Wechsel ergibt.<\/p>\n\n\n\n<p>Aktuell sehen Sie Statements von<\/p>\n\n\n\n<ul class=\"wp-block-list\"><li>Cathrin Bonhoff &#8211; Journalistin, Moderatorin und Alumna der Freien Universit\u00e4t<\/li><li>Thea Dorn &#8211; Schriftstellerin, Alumna und ehemalige wissenschaftliche Mitarbeiterin der Freien Universit\u00e4t<\/li><li>Caterina Granz &#8211; Leichtathletin und Studentin der Freien Universit\u00e4t<\/li><li>Sebastian Fitzek &#8211; Bestsellerautor und Alumnus der Freien Universit\u00e4t<\/li><li>Johannes Nichelmann &#8211; Journalist, Autor und Alumnus der Freien Universit\u00e4t<\/li><\/ul>\n\n\n\n<p>Wir danken allen gezeigten Personen f\u00fcr Ihre tatkr\u00e4ftige Unterst\u00fctzung.<\/p>\n\n\n\n<p><strong>Wo? <\/strong>Universit\u00e4tsbibliothek der Freien Universit\u00e4t Berlin, Garystra\u00dfe 39, 14195 Berlin<br><strong>Kontakt<\/strong>: <a href=\"mailto:kommunikation@ub.fu-berlin.de\">kommunikation@ub.fu-berlin.de<\/a><\/p>\n\n\n\n<p><\/p>\n","protected":false},"excerpt":{"rendered":"<p>Im Foyer der Universit\u00e4tsbibliothek k\u00f6nnen Sie nun En Passant Statements rund um das Thema Bibliothek lesen.Die Ausstellung beleuchtet das Thema Bibliotheken durch Aussagen, Erinnerungen und Erlebnisse von bekannten oder innovativen Menschen, die einen Bezug zu unserer Universit\u00e4t haben. Ziel ist es, eine lebendige, pers\u00f6nliche und leichtgewichtige Auseinandersetzung mit der Rolle und Wahrnehmung von Bibliotheken zu &hellip; <a href=\"https:\/\/blogs.fu-berlin.de\/bibliotheken\/2021\/07\/15\/neue-dauerausstellung-en-passant\/\" class=\"more-link\"><span class=\"screen-reader-text\">\u201eNeue Dauerausstellung &#8222;En Passant&#8220;\u201c<\/span> weiterlesen<\/a><\/p>\n","protected":false},"author":1427,"featured_media":0,"comment_status":"open","ping_status":"open","sticky":false,"template":"","format":"standard","meta":{"footnotes":""},"categories":[599,601],"tags":[581,1257],"class_list":["post-28778","post","type-post","status-publish","format-standard","hentry","category-bibliothekswesen","category-universitatsbibliothek","tag-ausstellung","tag-neuigkeiten"],"_links":{"self":[{"href":"https:\/\/blogs.fu-berlin.de\/bibliotheken\/wp-json\/wp\/v2\/posts\/28778","targetHints":{"allow":["GET"]}}],"collection":[{"href":"https:\/\/blogs.fu-berlin.de\/bibliotheken\/wp-json\/wp\/v2\/posts"}],"about":[{"href":"https:\/\/blogs.fu-berlin.de\/bibliotheken\/wp-json\/wp\/v2\/types\/post"}],"author":[{"embeddable":true,"href":"https:\/\/blogs.fu-berlin.de\/bibliotheken\/wp-json\/wp\/v2\/users\/1427"}],"replies":[{"embeddable":true,"href":"https:\/\/blogs.fu-berlin.de\/bibliotheken\/wp-json\/wp\/v2\/comments?post=28778"}],"version-history":[{"count":10,"href":"https:\/\/blogs.fu-berlin.de\/bibliotheken\/wp-json\/wp\/v2\/posts\/28778\/revisions"}],"predecessor-version":[{"id":28793,"href":"https:\/\/blogs.fu-berlin.de\/bibliotheken\/wp-json\/wp\/v2\/posts\/28778\/revisions\/28793"}],"wp:attachment":[{"href":"https:\/\/blogs.fu-berlin.de\/bibliotheken\/wp-json\/wp\/v2\/media?parent=28778"}],"wp:term":[{"taxonomy":"category","embeddable":true,"href":"https:\/\/blogs.fu-berlin.de\/bibliotheken\/wp-json\/wp\/v2\/categories?post=28778"},{"taxonomy":"post_tag","embeddable":true,"href":"https:\/\/blogs.fu-berlin.de\/bibliotheken\/wp-json\/wp\/v2\/tags?post=28778"}],"curies":[{"name":"wp","href":"https:\/\/api.w.org\/{rel}","templated":true}]}}