{"id":28788,"date":"2021-07-13T11:19:12","date_gmt":"2021-07-13T10:19:12","guid":{"rendered":"https:\/\/blogs.fu-berlin.de\/bibliotheken\/?p=28788"},"modified":"2021-07-13T11:19:12","modified_gmt":"2021-07-13T10:19:12","slug":"erfahrungsbericht-von-der-international-staff-week-2021-an-der-freien-universitaet","status":"publish","type":"post","link":"https:\/\/blogs.fu-berlin.de\/bibliotheken\/2021\/07\/13\/erfahrungsbericht-von-der-international-staff-week-2021-an-der-freien-universitaet\/","title":{"rendered":"Erfahrungsbericht von der International Staff Week 2021 an der Freien Universit\u00e4t"},"content":{"rendered":"\n<p>Nachdem sie letztes Jahr aufgrund der COVID-19-Pandemie ausfallen musste, fand dieses Jahr vom 14. bis 18. Juni wieder die International Staff Week statt. Das Format bringt das nichtwissenschaftliche Personal von Universit\u00e4ten aus der ganzen Welt zusammen, um sich auszutauschen und voneinander zu lernen. In diesem Jahr nahmen insgesamt 100 Teilnehmende aus 39 L\u00e4ndern in Europa, Asien, Afrika und Nord- sowie S\u00fcdamerika teil. Neben einem gemeinsamen Rahmenprogramm bilden an drei der f\u00fcnf Tage be-reichsspezifische Programme das eigentliche Herzst\u00fcck der Staff Week. Wie in den letzten Jahren bot die Universit\u00e4tsbibliothek den \u201eLibrary Track\u201c an und gab uns sowie 19 Bibliotheksmitarbeitenden aus 15 verschiedenen L\u00e4ndern die Gelegenheit, in einen Austausch \u00fcber aktuelle Entwicklungen zu treten.<br><br>Coronabedingt musste er, anders als sonst, digital stattfinden. Das hat \u00fcberraschend gut funktioniert. So wurde insgesamt sehr viel interagiert, etwa, um die Themen vor dem Hintergrund der l\u00e4nderspezifischen Unterschiede einzuordnen und zu diskutieren. Um die Konzentrationsf\u00e4higkeit am Bildschirm nicht \u00fcberzustrapazieren, wurde das Programm durch sportliche Aktivit\u00e4ten aufgelockert. Im Rahmenprogramm gab es au\u00dferdem ein &#8222;Berlin Bingo&#8220; sowie einen virtuellen Stadtrundgang.<br><br>Von Dienstag bis Freitag fand dann der \u201eLibrary Track\u201c unter dem Motto \u201eLibraries on the move: innovating services for research, learning and publishing\u201c statt. Nach einer Einf\u00fchrung in das deutsche Bibliothekssystem und den <a rel=\"noreferrer noopener\" href=\"https:\/\/www.fu-berlin.de\/sites\/ub\/ueber-uns\/strategie\/index.html\" target=\"_blank\">Change-Prozess der Universit\u00e4tsbibliothek <\/a>berichteten Mitarbeitende der UB und des <a rel=\"noreferrer noopener\" href=\"https:\/\/www.cedis.fu-berlin.de\/index.html\" target=\"_blank\">Centers f\u00fcr Digitale Systeme (CeDiS)<\/a> \u00fcber aktuelle Themen und Projekte. Die Kolleginnen und Kollegen stellten unter anderem die <a rel=\"noreferrer noopener\" href=\"https:\/\/www.cedis.fu-berlin.de\/services\/e-research\/digitale-interviewsammlungen\/index.html\" target=\"_blank\">digitalen Interviewsammlungen<\/a> vor, die auf gro\u00dfes Interesse stie\u00dfen. Ein f\u00fcr die Teilnehmenden wichtiges Thema sind die aktuellen bibliothekarischen Entwicklungen im Zusammenhang mit Open Access, Forschungsdaten und E-Publishing. Vor allem die unter den Namen \u201e<a rel=\"noreferrer noopener\" href=\"https:\/\/www.projekt-deal.de\/\" target=\"_blank\">Projekt DEAL<\/a>\u201c laufenden Verhandlungen deutscher Wissenschaftsinstitutionen mit den gro\u00dfen Wissenschaftsverlagen interessierten die Teilnehmenden, die sich auf \u00e4hnliche Weise mit der Frage nach dem freien Zugang zu Wissen auseinandersetzen.<br><br>Ein wichtiges Thema waren schlie\u00dflich die eigens an der Freien Universit\u00e4t entwickelten Dienste zu zu <a rel=\"noreferrer noopener\" href=\"https:\/\/www.cedis.fu-berlin.de\/services\/e-learning\/index.html\" target=\"_blank\">E-Learning<\/a> und <a rel=\"noreferrer noopener\" href=\"https:\/\/www.e-examinations.fu-berlin.de\/index.html\" target=\"_blank\">E-Examinations<\/a> und die Herausforderungen f\u00fcr digitale Lehre unter Pandemiebedingungen. Die letzten 18 Monate und die mit ihr verbundenen bibliothekarischen Herausforderungen boten insgesamt viel Stoff zur Diskussion. Es war spannend, zu erleben, dass tats\u00e4chlich alle Beteiligten \u00fcber ganz \u00e4hnliche Erfahrungen berichten konnten. Solche Gemeinsamkeiten des t\u00e4glichen Erlebens haben uns allen vor Augen gef\u00fchrt, dass die Bibliotheken eine lebendige, weltweite Community bilden. Wir freuen uns auf die International Staff Week 2022, dann hoffentlich wieder vor Ort in Berlin.<br><br>Autor: Dr. Mirco Limpinsel, Bibliotheksreferendar an der Universit\u00e4tsbibliothek<\/p>\n","protected":false},"excerpt":{"rendered":"<p>Nachdem sie letztes Jahr aufgrund der COVID-19-Pandemie ausfallen musste, fand dieses Jahr vom 14. bis 18. Juni wieder die International Staff Week statt. Das Format bringt das nichtwissenschaftliche Personal von Universit\u00e4ten aus der ganzen Welt zusammen, um sich auszutauschen und voneinander zu lernen. In diesem Jahr nahmen insgesamt 100 Teilnehmende aus 39 L\u00e4ndern in Europa, &hellip; <a href=\"https:\/\/blogs.fu-berlin.de\/bibliotheken\/2021\/07\/13\/erfahrungsbericht-von-der-international-staff-week-2021-an-der-freien-universitaet\/\" class=\"more-link\"><span class=\"screen-reader-text\">\u201eErfahrungsbericht von der International Staff Week 2021 an der Freien Universit\u00e4t\u201c<\/span> weiterlesen<\/a><\/p>\n","protected":false},"author":1427,"featured_media":0,"comment_status":"open","ping_status":"open","sticky":false,"template":"","format":"standard","meta":{"footnotes":""},"categories":[599,601,70],"tags":[1554,56932,368593,227462],"class_list":["post-28788","post","type-post","status-publish","format-standard","hentry","category-bibliothekswesen","category-universitatsbibliothek","category-veranstaltungen","tag-innovation","tag-international-week","tag-library-track","tag-projekt-deal"],"_links":{"self":[{"href":"https:\/\/blogs.fu-berlin.de\/bibliotheken\/wp-json\/wp\/v2\/posts\/28788","targetHints":{"allow":["GET"]}}],"collection":[{"href":"https:\/\/blogs.fu-berlin.de\/bibliotheken\/wp-json\/wp\/v2\/posts"}],"about":[{"href":"https:\/\/blogs.fu-berlin.de\/bibliotheken\/wp-json\/wp\/v2\/types\/post"}],"author":[{"embeddable":true,"href":"https:\/\/blogs.fu-berlin.de\/bibliotheken\/wp-json\/wp\/v2\/users\/1427"}],"replies":[{"embeddable":true,"href":"https:\/\/blogs.fu-berlin.de\/bibliotheken\/wp-json\/wp\/v2\/comments?post=28788"}],"version-history":[{"count":4,"href":"https:\/\/blogs.fu-berlin.de\/bibliotheken\/wp-json\/wp\/v2\/posts\/28788\/revisions"}],"predecessor-version":[{"id":28811,"href":"https:\/\/blogs.fu-berlin.de\/bibliotheken\/wp-json\/wp\/v2\/posts\/28788\/revisions\/28811"}],"wp:attachment":[{"href":"https:\/\/blogs.fu-berlin.de\/bibliotheken\/wp-json\/wp\/v2\/media?parent=28788"}],"wp:term":[{"taxonomy":"category","embeddable":true,"href":"https:\/\/blogs.fu-berlin.de\/bibliotheken\/wp-json\/wp\/v2\/categories?post=28788"},{"taxonomy":"post_tag","embeddable":true,"href":"https:\/\/blogs.fu-berlin.de\/bibliotheken\/wp-json\/wp\/v2\/tags?post=28788"}],"curies":[{"name":"wp","href":"https:\/\/api.w.org\/{rel}","templated":true}]}}