{"id":28796,"date":"2021-07-12T12:24:41","date_gmt":"2021-07-12T11:24:41","guid":{"rendered":"https:\/\/blogs.fu-berlin.de\/bibliotheken\/?p=28796"},"modified":"2021-07-12T13:03:33","modified_gmt":"2021-07-12T12:03:33","slug":"nur-noch-op-maskenpflicht-in-den-bibliotheken","status":"publish","type":"post","link":"https:\/\/blogs.fu-berlin.de\/bibliotheken\/2021\/07\/12\/nur-noch-op-maskenpflicht-in-den-bibliotheken\/","title":{"rendered":"Nur noch OP-Maskenpflicht in den Bibliotheken"},"content":{"rendered":"\n<p>In der neuesten Fassung der Berliner SARS-CoV2-Infektionsschutzverordnung vom 6. Juli 2021 ist die FFP2-Maskenpflicht in Hochschulbibliotheken durch die Pflicht zum Tragen einer medizinischen Maske (\u201eOP-Maske\u201c) ersetzt worden (siehe <a href=\"https:\/\/www.berlin.de\/corona\/massnahmen\/verordnung\/\">\u00a7 26, Abs. 3 in Verbindung mit \u00a7 2<\/a>). Ab sofort d\u00fcrfen Sie selbst entscheiden, welche der beiden Maskentypen Sie beim Besuch der Bibliotheken der Freien Universit\u00e4t tragen m\u00f6chten.<\/p>\n\n\n\n<p>Die Ver\u00e4nderung bezieht sich auch auf R\u00e4umlichkeiten der Hochschulen au\u00dferhalb der Bibliotheken. <strong>Bitte beachten Sie, dass Sie die Maske auch weiterhin am <a href=\"https:\/\/www.fu-berlin.de\/sites\/bibliotheken\/news\/wiederoeffnung-arbeitsplaetze.html\">gebuchten Arbeitsplatz<\/a> tragen m\u00fcssen.<\/strong><\/p>\n\n\n\n<p>Bildquelle: <a href=\"https:\/\/pixabay.com\/de\/photos\/ffp2-maske-alltagsmaske-op-maske-5936994\/\">Pixabay.com<\/a><br><\/p>\n","protected":false},"excerpt":{"rendered":"<p>In der neuesten Fassung der Berliner SARS-CoV2-Infektionsschutzverordnung vom 6. Juli 2021 ist die FFP2-Maskenpflicht in Hochschulbibliotheken durch die Pflicht zum Tragen einer medizinischen Maske (\u201eOP-Maske\u201c) ersetzt worden (siehe \u00a7 26, Abs. 3 in Verbindung mit \u00a7 2). Ab sofort d\u00fcrfen Sie selbst entscheiden, welche der beiden Maskentypen Sie beim Besuch der Bibliotheken der Freien Universit\u00e4t &hellip; <a href=\"https:\/\/blogs.fu-berlin.de\/bibliotheken\/2021\/07\/12\/nur-noch-op-maskenpflicht-in-den-bibliotheken\/\" class=\"more-link\"><span class=\"screen-reader-text\">\u201eNur noch OP-Maskenpflicht in den Bibliotheken\u201c<\/span> weiterlesen<\/a><\/p>\n","protected":false},"author":293,"featured_media":28799,"comment_status":"open","ping_status":"open","sticky":false,"template":"","format":"standard","meta":{"footnotes":""},"categories":[9,600,601],"tags":[79,237849,237818,368590,368592,368591],"class_list":["post-28796","post","type-post","status-publish","format-standard","has-post-thumbnail","hentry","category-allgemein","category-fachbibliotheken","category-universitatsbibliothek","tag-berlin","tag-corona-pandemie","tag-covid-19","tag-ffp2-maske","tag-infektionsschutzverordnung","tag-op-maske"],"_links":{"self":[{"href":"https:\/\/blogs.fu-berlin.de\/bibliotheken\/wp-json\/wp\/v2\/posts\/28796","targetHints":{"allow":["GET"]}}],"collection":[{"href":"https:\/\/blogs.fu-berlin.de\/bibliotheken\/wp-json\/wp\/v2\/posts"}],"about":[{"href":"https:\/\/blogs.fu-berlin.de\/bibliotheken\/wp-json\/wp\/v2\/types\/post"}],"author":[{"embeddable":true,"href":"https:\/\/blogs.fu-berlin.de\/bibliotheken\/wp-json\/wp\/v2\/users\/293"}],"replies":[{"embeddable":true,"href":"https:\/\/blogs.fu-berlin.de\/bibliotheken\/wp-json\/wp\/v2\/comments?post=28796"}],"version-history":[{"count":6,"href":"https:\/\/blogs.fu-berlin.de\/bibliotheken\/wp-json\/wp\/v2\/posts\/28796\/revisions"}],"predecessor-version":[{"id":28806,"href":"https:\/\/blogs.fu-berlin.de\/bibliotheken\/wp-json\/wp\/v2\/posts\/28796\/revisions\/28806"}],"wp:featuredmedia":[{"embeddable":true,"href":"https:\/\/blogs.fu-berlin.de\/bibliotheken\/wp-json\/wp\/v2\/media\/28799"}],"wp:attachment":[{"href":"https:\/\/blogs.fu-berlin.de\/bibliotheken\/wp-json\/wp\/v2\/media?parent=28796"}],"wp:term":[{"taxonomy":"category","embeddable":true,"href":"https:\/\/blogs.fu-berlin.de\/bibliotheken\/wp-json\/wp\/v2\/categories?post=28796"},{"taxonomy":"post_tag","embeddable":true,"href":"https:\/\/blogs.fu-berlin.de\/bibliotheken\/wp-json\/wp\/v2\/tags?post=28796"}],"curies":[{"name":"wp","href":"https:\/\/api.w.org\/{rel}","templated":true}]}}