{"id":28896,"date":"2021-07-30T18:14:13","date_gmt":"2021-07-30T17:14:13","guid":{"rendered":"https:\/\/blogs.fu-berlin.de\/bibliotheken\/?p=28896"},"modified":"2021-08-02T13:01:55","modified_gmt":"2021-08-02T12:01:55","slug":"arbeitsplaetze-in-der-universitaetsbibliothek-nun-ganztaetig-buchbar","status":"publish","type":"post","link":"https:\/\/blogs.fu-berlin.de\/bibliotheken\/2021\/07\/30\/arbeitsplaetze-in-der-universitaetsbibliothek-nun-ganztaetig-buchbar\/","title":{"rendered":"Arbeitspl\u00e4tze in der Universit\u00e4tsbibliothek nun ganzt\u00e4gig buchbar"},"content":{"rendered":"\n<p>Ab sofort k\u00f6nnen Sie das Kontingent an reinen Arbeitspl\u00e4tzen in der <a href=\"https:\/\/www.fu-berlin.de\/sites\/ub\/index.html\">Universit\u00e4tsbibliothek<\/a> ganzt\u00e4gig reservieren. Dies gilt sowohl f\u00fcr die Einzelpl\u00e4tze im 1. Stock (Leihstelle), als auch jene im 2. Stock (Lesesaal). Ausgenommen davon sind die wenigen Computerarbeitspl\u00e4tze (\u201eRechner\u201c bzw. \u201eZEDAT-Rechner\u201c) im Lesesaal.<\/p>\n\n\n\n<p>Eine vorherige Reservierung k\u00f6nnen Sie \u00fcber das <a href=\"https:\/\/www.fu-berlin.de\/sites\/ub\/arbeitsplaetze\/lernort\/index.html\">Buchungssystem<\/a> t\u00e4tigen. Bitte beachten Sie daf\u00fcr die allgemeinen Voraussetzungen, u. a. muss auch weiterhin am gebuchten Arbeit eine <strong>medizinische Maske (\u201eOP-Maske\u201c) <\/strong>oder<strong> FFP2-Maske <\/strong>getragen werden.<\/p>\n\n\n\n<p>Vor Ort in der Universit\u00e4tsbibliothek arbeiten k\u00f6nnen sowohl<strong> FU-Angeh\u00f6rige, <\/strong>als auch<strong> externe Benutzerinnen und Benutzer<\/strong>.<\/p>\n","protected":false},"excerpt":{"rendered":"<p>Ab sofort k\u00f6nnen Sie das Kontingent an reinen Arbeitspl\u00e4tzen in der Universit\u00e4tsbibliothek ganzt\u00e4gig reservieren. Dies gilt sowohl f\u00fcr die Einzelpl\u00e4tze im 1. Stock (Leihstelle), als auch jene im 2. Stock (Lesesaal). Ausgenommen davon sind die wenigen Computerarbeitspl\u00e4tze (\u201eRechner\u201c bzw. \u201eZEDAT-Rechner\u201c) im Lesesaal. Eine vorherige Reservierung k\u00f6nnen Sie \u00fcber das Buchungssystem t\u00e4tigen. Bitte beachten Sie daf\u00fcr &hellip; <a href=\"https:\/\/blogs.fu-berlin.de\/bibliotheken\/2021\/07\/30\/arbeitsplaetze-in-der-universitaetsbibliothek-nun-ganztaetig-buchbar\/\" class=\"more-link\"><span class=\"screen-reader-text\">\u201eArbeitspl\u00e4tze in der Universit\u00e4tsbibliothek nun ganzt\u00e4gig buchbar\u201c<\/span> weiterlesen<\/a><\/p>\n","protected":false},"author":293,"featured_media":28898,"comment_status":"open","ping_status":"open","sticky":false,"template":"","format":"standard","meta":{"footnotes":""},"categories":[9,601],"tags":[364803,368604,57467],"class_list":["post-28896","post","type-post","status-publish","format-standard","has-post-thumbnail","hentry","category-allgemein","category-universitatsbibliothek","tag-arbeitsplaetze","tag-buchung","tag-universitatsbibliothek"],"_links":{"self":[{"href":"https:\/\/blogs.fu-berlin.de\/bibliotheken\/wp-json\/wp\/v2\/posts\/28896","targetHints":{"allow":["GET"]}}],"collection":[{"href":"https:\/\/blogs.fu-berlin.de\/bibliotheken\/wp-json\/wp\/v2\/posts"}],"about":[{"href":"https:\/\/blogs.fu-berlin.de\/bibliotheken\/wp-json\/wp\/v2\/types\/post"}],"author":[{"embeddable":true,"href":"https:\/\/blogs.fu-berlin.de\/bibliotheken\/wp-json\/wp\/v2\/users\/293"}],"replies":[{"embeddable":true,"href":"https:\/\/blogs.fu-berlin.de\/bibliotheken\/wp-json\/wp\/v2\/comments?post=28896"}],"version-history":[{"count":3,"href":"https:\/\/blogs.fu-berlin.de\/bibliotheken\/wp-json\/wp\/v2\/posts\/28896\/revisions"}],"predecessor-version":[{"id":28907,"href":"https:\/\/blogs.fu-berlin.de\/bibliotheken\/wp-json\/wp\/v2\/posts\/28896\/revisions\/28907"}],"wp:featuredmedia":[{"embeddable":true,"href":"https:\/\/blogs.fu-berlin.de\/bibliotheken\/wp-json\/wp\/v2\/media\/28898"}],"wp:attachment":[{"href":"https:\/\/blogs.fu-berlin.de\/bibliotheken\/wp-json\/wp\/v2\/media?parent=28896"}],"wp:term":[{"taxonomy":"category","embeddable":true,"href":"https:\/\/blogs.fu-berlin.de\/bibliotheken\/wp-json\/wp\/v2\/categories?post=28896"},{"taxonomy":"post_tag","embeddable":true,"href":"https:\/\/blogs.fu-berlin.de\/bibliotheken\/wp-json\/wp\/v2\/tags?post=28896"}],"curies":[{"name":"wp","href":"https:\/\/api.w.org\/{rel}","templated":true}]}}