{"id":28900,"date":"2021-08-10T08:34:18","date_gmt":"2021-08-10T07:34:18","guid":{"rendered":"https:\/\/blogs.fu-berlin.de\/bibliotheken\/?p=28900"},"modified":"2021-08-10T08:37:10","modified_gmt":"2021-08-10T07:37:10","slug":"25-todestag-der-dichterin-may-ayim","status":"publish","type":"post","link":"https:\/\/blogs.fu-berlin.de\/bibliotheken\/2021\/08\/10\/25-todestag-der-dichterin-may-ayim\/","title":{"rendered":"25. Todestag der Dichterin May Ayim"},"content":{"rendered":"\n<p>Gestern vor 25 Jahren &#8211; am 9. August 1996 &#8211; starb May Ayim (auf dem Bild rechts, links daneben Audre Lorde): Dichterin, P\u00e4dagogin und Logop\u00e4din sowie bedeutende Aktivistin der afrodeutschen Bewegung.<\/p>\n\n\n\n<p>Als May Ayim 1984 nach West-Berlin zog, erlebte sie ein weitaus offeneres und toleranteres Bild der Gesellschaft als in ihrem Heimatort M\u00fcnster, wo sie als Kind mit ghanaisch-deutschen Wurzeln von einer Familie adoptiert aufgewachsen war. In Berlin kn\u00fcpfte sie Kontakte zur US-amerikanischen Dichterin und Aktivistin Audre Lorde, die sie ermutigte, als Afrodeutsche vor allem gegen Rassismus und Sexismus zu schreiben. In der von Audre Lorde und der Verlegerin Dagmar Schultz initiierten Anthologie &#8222;Farbe bekennen. Afro-deutsche Frauen auf den Spuren ihrer Geschichte&#8220; ver\u00f6ffentlichte May Ayim ihre Diplomarbeit zur Kultur- und Sozialgeschichte von Afro-Deutschen. Die Gedichtb\u00e4nde \u201eblues in schwarz weiss\u201c und \u201enachtgesang\u201c thematisieren die Doppelidentit\u00e4t als Afro-deutsche und den dazu folgenden Rassismus. Au\u00dferdem spricht May Ayim in ihren Gedichten \u00fcber die komplizierte Beziehung zu ihren Eltern und den bestehenden Sexismus. Den Begriff und die Doppelidentit\u00e4t des \u201eAfro-deutsch\u201c-Seins benutzte May Ayim auch in ihren Gedichten \u201eafro-deutsch I\u201c und \u201eafro-deutsch II\u201c, welche im Gedichtband \u201eblues in schwarz weiss\u201c zu finden sind. <\/p>\n\n\n\n<p>Sie war eine der bekanntesten Frauen in Deutschland, welche sich zum einen mit der afro-deutschen Doppelidentit\u00e4t auseinandersetzte, zum anderen den dazugeh\u00f6rigen Kampf gegen Rassismus und Sexismus thematisierte.<\/p>\n\n\n\n<p>Der Nachlass May Ayims befindet sich im <a rel=\"noreferrer noopener\" href=\"https:\/\/www.fu-berlin.de\/sites\/uniarchiv\/fugeschichte\/archivschaufenster\/Todestag-May-Ayim\/index.html\" target=\"_blank\">Universit\u00e4tsarchiv der Freien Universit\u00e4t in Berlin<\/a>.<\/p>\n\n\n\n<p><em>Autorin:<\/em> Rabia Sikora<br><em>Bildquelle:<\/em> Fotografin: Dagmar Schultz \/ FU Berlin, UA, V\/N-2, Sig. 34<\/p>\n","protected":false},"excerpt":{"rendered":"<p>Gestern vor 25 Jahren &#8211; am 9. August 1996 &#8211; starb May Ayim (auf dem Bild rechts, links daneben Audre Lorde): Dichterin, P\u00e4dagogin und Logop\u00e4din sowie bedeutende Aktivistin der afrodeutschen Bewegung. Als May Ayim 1984 nach West-Berlin zog, erlebte sie ein weitaus offeneres und toleranteres Bild der Gesellschaft als in ihrem Heimatort M\u00fcnster, wo sie &hellip; <a href=\"https:\/\/blogs.fu-berlin.de\/bibliotheken\/2021\/08\/10\/25-todestag-der-dichterin-may-ayim\/\" class=\"more-link\"><span class=\"screen-reader-text\">\u201e25. Todestag der Dichterin May Ayim\u201c<\/span> weiterlesen<\/a><\/p>\n","protected":false},"author":1427,"featured_media":28919,"comment_status":"open","ping_status":"open","sticky":false,"template":"","format":"standard","meta":{"footnotes":""},"categories":[9,599,604,493],"tags":[2945,2081],"class_list":["post-28900","post","type-post","status-publish","format-standard","has-post-thumbnail","hentry","category-allgemein","category-bibliothekswesen","category-ins-netz-geschaut","category-recherchetipps","tag-nachlass","tag-universitatsarchiv"],"_links":{"self":[{"href":"https:\/\/blogs.fu-berlin.de\/bibliotheken\/wp-json\/wp\/v2\/posts\/28900","targetHints":{"allow":["GET"]}}],"collection":[{"href":"https:\/\/blogs.fu-berlin.de\/bibliotheken\/wp-json\/wp\/v2\/posts"}],"about":[{"href":"https:\/\/blogs.fu-berlin.de\/bibliotheken\/wp-json\/wp\/v2\/types\/post"}],"author":[{"embeddable":true,"href":"https:\/\/blogs.fu-berlin.de\/bibliotheken\/wp-json\/wp\/v2\/users\/1427"}],"replies":[{"embeddable":true,"href":"https:\/\/blogs.fu-berlin.de\/bibliotheken\/wp-json\/wp\/v2\/comments?post=28900"}],"version-history":[{"count":5,"href":"https:\/\/blogs.fu-berlin.de\/bibliotheken\/wp-json\/wp\/v2\/posts\/28900\/revisions"}],"predecessor-version":[{"id":28924,"href":"https:\/\/blogs.fu-berlin.de\/bibliotheken\/wp-json\/wp\/v2\/posts\/28900\/revisions\/28924"}],"wp:featuredmedia":[{"embeddable":true,"href":"https:\/\/blogs.fu-berlin.de\/bibliotheken\/wp-json\/wp\/v2\/media\/28919"}],"wp:attachment":[{"href":"https:\/\/blogs.fu-berlin.de\/bibliotheken\/wp-json\/wp\/v2\/media?parent=28900"}],"wp:term":[{"taxonomy":"category","embeddable":true,"href":"https:\/\/blogs.fu-berlin.de\/bibliotheken\/wp-json\/wp\/v2\/categories?post=28900"},{"taxonomy":"post_tag","embeddable":true,"href":"https:\/\/blogs.fu-berlin.de\/bibliotheken\/wp-json\/wp\/v2\/tags?post=28900"}],"curies":[{"name":"wp","href":"https:\/\/api.w.org\/{rel}","templated":true}]}}