{"id":28937,"date":"2021-08-18T09:02:37","date_gmt":"2021-08-18T08:02:37","guid":{"rendered":"https:\/\/blogs.fu-berlin.de\/bibliotheken\/?p=28937"},"modified":"2021-08-19T08:11:02","modified_gmt":"2021-08-19T07:11:02","slug":"scannen-drucken-und-kopieren-in-den-bibliotheken-der-freien-universitaet","status":"publish","type":"post","link":"https:\/\/blogs.fu-berlin.de\/bibliotheken\/2021\/08\/18\/scannen-drucken-und-kopieren-in-den-bibliotheken-der-freien-universitaet\/","title":{"rendered":"Scannen, Drucken und Kopieren in den Bibliotheken der Freien Universit\u00e4t"},"content":{"rendered":"\n<p>Die Freie Universit\u00e4t Berlin hat sich in ihrer <a href=\"https:\/\/www.fu-berlin.de\/sites\/nachhaltigkeit\/commitment\/klimanotstand\/index.html\" rel=\"noreferrer noopener\" target=\"_blank\">Erkl\u00e4rung zum Klimanotstand aus dem Jahr 2019<\/a> das Ziel gesetzt, bis 2025 klimaneutral zu sein. Auch die Bibliotheken unterst\u00fctzten das nachhaltige Forschen, Lehren und Studieren.<\/p>\n\n\n\n<p>In diesem Sinne \u2013 und mit der Hoffnung auf bald wieder Pr\u00e4senz auf dem Campus \u2013 \u00fcberlegen wir derzeit, ob die <a rel=\"noreferrer noopener\" href=\"https:\/\/www.fu-berlin.de\/sites\/ub\/service\/kopieren\/index.html\" target=\"_blank\">zahlreichen papierbasierten Druck- und Kopierger\u00e4te <\/a>in den Bibliotheken noch notwendig und zeitgem\u00e4\u00df sind. K\u00f6nnten, ja: sollten sie k\u00fcnftig Schritt f\u00fcr Schritt durch verbesserte Scanm\u00f6glichkeiten ausgetauscht und drucken zwar noch m\u00f6glich, aber eher zweitrangig werden?<\/p>\n\n\n\n<p>Drucken Sie in den Bibliotheken der FU Berlin? Wie finden Sie unser aktuelles Druck- und Kopierangebot?<\/p>\n\n\n\n<p><strong>Beteiligen Sie sich bis Freitag, den 27. August 2021 an unserer kleinen Umfrage:<\/strong><\/p>\n\n\n\n<h4 class=\"wp-block-heading\" id=\"id-*Intern:MeinungsbildzumScannen\/Kopieren\/Drucken-https:\/\/votingo.cedis.fu-berlin.de\/HE57SC\"><a rel=\"noreferrer noopener\" href=\"https:\/\/votingo.cedis.fu-berlin.de\/AN24B7\" target=\"_blank\">https:\/\/votingo.cedis.fu-berlin.de\/AN24B<\/a><a href=\"https:\/\/votingo.cedis.fu-berlin.de\/AN24B7\" target=\"_blank\" rel=\"noreferrer noopener\">7<\/a><\/h4>\n\n\n\n<h4 class=\"wp-block-heading\" id=\"id-*Intern:MeinungsbildzumScannen\/Kopieren\/Drucken-Veranstaltungs-ID:HE57SC(ineinigenBrowsernerfragt)\">Veranstaltungs-ID: AN24B7 (in einigen Browsern erfragt)<\/h4>\n\n\n\n<p>oder<\/p>\n\n\n\n<p>hinterlassen Sie uns einen Kommentar unter diesem Blogeintrag, bzw. schreiben Sie uns an <a href=\"mailto:kommunikation@ub.fu-berlin.de\" rel=\"noreferrer noopener\" target=\"_blank\">kommunikation@ub.fu-berlin.de<\/a>.<\/p>\n\n\n\n<p>Sie helfen uns damit sehr, unsere Services Ihren Bed\u00fcrfnissen anzupassen.<\/p>\n","protected":false},"excerpt":{"rendered":"<p>Die Freie Universit\u00e4t Berlin hat sich in ihrer Erkl\u00e4rung zum Klimanotstand aus dem Jahr 2019 das Ziel gesetzt, bis 2025 klimaneutral zu sein. Auch die Bibliotheken unterst\u00fctzten das nachhaltige Forschen, Lehren und Studieren. In diesem Sinne \u2013 und mit der Hoffnung auf bald wieder Pr\u00e4senz auf dem Campus \u2013 \u00fcberlegen wir derzeit, ob die zahlreichen &hellip; <a href=\"https:\/\/blogs.fu-berlin.de\/bibliotheken\/2021\/08\/18\/scannen-drucken-und-kopieren-in-den-bibliotheken-der-freien-universitaet\/\" class=\"more-link\"><span class=\"screen-reader-text\">\u201eScannen, Drucken und Kopieren in den Bibliotheken der Freien Universit\u00e4t\u201c<\/span> weiterlesen<\/a><\/p>\n","protected":false},"author":293,"featured_media":28945,"comment_status":"open","ping_status":"open","sticky":false,"template":"","format":"standard","meta":{"footnotes":""},"categories":[9],"tags":[318263,693,2678,318262,578],"class_list":["post-28937","post","type-post","status-publish","format-standard","has-post-thumbnail","hentry","category-allgemein","tag-drucken","tag-kopieren","tag-nachhaltigkeit","tag-scannen","tag-umfrage"],"_links":{"self":[{"href":"https:\/\/blogs.fu-berlin.de\/bibliotheken\/wp-json\/wp\/v2\/posts\/28937","targetHints":{"allow":["GET"]}}],"collection":[{"href":"https:\/\/blogs.fu-berlin.de\/bibliotheken\/wp-json\/wp\/v2\/posts"}],"about":[{"href":"https:\/\/blogs.fu-berlin.de\/bibliotheken\/wp-json\/wp\/v2\/types\/post"}],"author":[{"embeddable":true,"href":"https:\/\/blogs.fu-berlin.de\/bibliotheken\/wp-json\/wp\/v2\/users\/293"}],"replies":[{"embeddable":true,"href":"https:\/\/blogs.fu-berlin.de\/bibliotheken\/wp-json\/wp\/v2\/comments?post=28937"}],"version-history":[{"count":6,"href":"https:\/\/blogs.fu-berlin.de\/bibliotheken\/wp-json\/wp\/v2\/posts\/28937\/revisions"}],"predecessor-version":[{"id":28947,"href":"https:\/\/blogs.fu-berlin.de\/bibliotheken\/wp-json\/wp\/v2\/posts\/28937\/revisions\/28947"}],"wp:featuredmedia":[{"embeddable":true,"href":"https:\/\/blogs.fu-berlin.de\/bibliotheken\/wp-json\/wp\/v2\/media\/28945"}],"wp:attachment":[{"href":"https:\/\/blogs.fu-berlin.de\/bibliotheken\/wp-json\/wp\/v2\/media?parent=28937"}],"wp:term":[{"taxonomy":"category","embeddable":true,"href":"https:\/\/blogs.fu-berlin.de\/bibliotheken\/wp-json\/wp\/v2\/categories?post=28937"},{"taxonomy":"post_tag","embeddable":true,"href":"https:\/\/blogs.fu-berlin.de\/bibliotheken\/wp-json\/wp\/v2\/tags?post=28937"}],"curies":[{"name":"wp","href":"https:\/\/api.w.org\/{rel}","templated":true}]}}