{"id":28948,"date":"2021-08-20T07:52:30","date_gmt":"2021-08-20T06:52:30","guid":{"rendered":"https:\/\/blogs.fu-berlin.de\/bibliotheken\/?p=28948"},"modified":"2021-08-23T08:36:33","modified_gmt":"2021-08-23T07:36:33","slug":"kongress-des-weltbibliotheksverbands-ifla-erstmalig-online-ein-bericht","status":"publish","type":"post","link":"https:\/\/blogs.fu-berlin.de\/bibliotheken\/2021\/08\/20\/kongress-des-weltbibliotheksverbands-ifla-erstmalig-online-ein-bericht\/","title":{"rendered":"Kongress des Weltbibliotheksverbands IFLA erstmalig online &#8211; ein Bericht"},"content":{"rendered":"\n<figure class=\"wp-block-image size-large\"><img loading=\"lazy\" decoding=\"async\" width=\"1237\" height=\"372\" src=\"https:\/\/blogs.fu-berlin.de\/bibliotheken\/files\/2021\/08\/WLIC2021-1.png\" alt=\"\" class=\"wp-image-28950\" srcset=\"https:\/\/blogs.fu-berlin.de\/bibliotheken\/files\/2021\/08\/WLIC2021-1.png 1237w, https:\/\/blogs.fu-berlin.de\/bibliotheken\/files\/2021\/08\/WLIC2021-1-300x90.png 300w, https:\/\/blogs.fu-berlin.de\/bibliotheken\/files\/2021\/08\/WLIC2021-1-1200x361.png 1200w\" sizes=\"auto, (max-width: 709px) 85vw, (max-width: 909px) 67vw, (max-width: 1362px) 62vw, 840px\" \/><\/figure>\n\n\n\n<hr class=\"wp-block-separator\" \/>\n\n\n\n<p>Wann hat man schon einmal die Gelegenheit, sich drei Tage lang mit Bibliotheksbesch\u00e4ftigten aus f\u00fcnf Kontinenten \u00fcber 24 Zeitzonen hinweg zu vernetzen? Und das alles nur f\u00fcr 65 Euro, bequem vom eigenen Schreibtisch aus? Der dieses Jahr von der <a href=\"https:\/\/www.ifla.org\/\">IFLA<\/a> vom 17. bis 19. August rein digital ausgerichtete internationale Bibliothekskongress <em>World Library and Information Congress (WLIC)<\/em> brachte genau diese Chance!<\/p>\n\n\n\n<p>Faszinierend zu erleben, wie z.B. eine indische Kollegin Nutzerprofile als \u201ePersonas\u201c erstellt, um die Bedarfe von ganz unterschiedlichen Menschen in ihrem Land zu ermitteln. Viele davon wohnen weit von der n\u00e4chsten Bibliothek entfernt und k\u00f6nnen nicht einmal lesen, geschweige denn mit einem Computer umgehen. Wie klein erscheinen daneben die Probleme in der eigenen Bibliothek! Beeindruckend auch die Kreativit\u00e4t in einem k\u00fcrzlich mit dem \u201e<a href=\"https:\/\/www.ifla.org\/node\/94142?og=479\">Green Library Award<\/a>\u201c ausgezeichneten Bibliothekszentrum im Senegal: Dort laden bunte Sitzm\u00f6bel aus recyceltem Plastik zu Lernen und Diskutieren ein. Ebenfalls hochinteressant: wie Bibliotheken in Tasmanien, Brasilien und anderswo Fake News &amp; Co. den Kampf ansagen! Auch die Universit\u00e4tsbibliothek bietet im bevorstehenden Wintersemester wieder <a href=\"https:\/\/www.fu-berlin.de\/sites\/ub\/lernangebote\/literaturrecherche\/presserecherche\/index.html\">Kurse zu diesem Thema<\/a> an.<\/p>\n\n\n\n<p>Noch spannender ist mitunter, was sich so nebenher alles im Chat tut: Hier berichtet ein Kollege aus der Republik Tartastan, dass seine Bibliothek drei E-Pianos mit Kopfh\u00f6rern zum \u00dcben bereitstellt, dort gr\u00fc\u00dft eine ehemalige Kollegin aus der Campusbibliothek \u2026<\/p>\n\n\n\n<p>Trotz kleiner Minuspunkte \u2013 wie gelegentliches Einfrieren des Zoom-Streams oder die oft mangelhafte \u00dcbersetzungsqualit\u00e4t der automatisch erzeugten Untertitel \u2013 war es eine sehr gelungene Veranstaltung!<\/p>\n\n\n\n<p><em>Autorin:<\/em> <em>Angelika Krieser, Bibliothek f\u00fcr Sozialwissenschaften und Osteuropastudien<\/em><\/p>\n\n\n\n<p><em>(Bildquelle: <a href=\"https:\/\/www.ifla.org\/files\/assets\/hq\/news\/images\/wlic-2021-header.png\">ifla.org<\/a>)<\/em><\/p>\n","protected":false},"excerpt":{"rendered":"<p>Wann hat man schon einmal die Gelegenheit, sich drei Tage lang mit Bibliotheksbesch\u00e4ftigten aus f\u00fcnf Kontinenten \u00fcber 24 Zeitzonen hinweg zu vernetzen? Und das alles nur f\u00fcr 65 Euro, bequem vom eigenen Schreibtisch aus? Der dieses Jahr von der IFLA vom 17. bis 19. August rein digital ausgerichtete internationale Bibliothekskongress World Library and Information Congress &hellip; <a href=\"https:\/\/blogs.fu-berlin.de\/bibliotheken\/2021\/08\/20\/kongress-des-weltbibliotheksverbands-ifla-erstmalig-online-ein-bericht\/\" class=\"more-link\"><span class=\"screen-reader-text\">\u201eKongress des Weltbibliotheksverbands IFLA erstmalig online &#8211; ein Bericht\u201c<\/span> weiterlesen<\/a><\/p>\n","protected":false},"author":5902,"featured_media":0,"comment_status":"open","ping_status":"open","sticky":false,"template":"","format":"standard","meta":{"footnotes":""},"categories":[9,599,70,603],"tags":[237908,368614,1429,1257,368613],"class_list":["post-28948","post","type-post","status-publish","format-standard","hentry","category-allgemein","category-bibliothekswesen","category-veranstaltungen","category-vorgestellt","tag-bibliothekskongress","tag-ifla","tag-kongressberichte","tag-neuigkeiten","tag-weltverband"],"_links":{"self":[{"href":"https:\/\/blogs.fu-berlin.de\/bibliotheken\/wp-json\/wp\/v2\/posts\/28948","targetHints":{"allow":["GET"]}}],"collection":[{"href":"https:\/\/blogs.fu-berlin.de\/bibliotheken\/wp-json\/wp\/v2\/posts"}],"about":[{"href":"https:\/\/blogs.fu-berlin.de\/bibliotheken\/wp-json\/wp\/v2\/types\/post"}],"author":[{"embeddable":true,"href":"https:\/\/blogs.fu-berlin.de\/bibliotheken\/wp-json\/wp\/v2\/users\/5902"}],"replies":[{"embeddable":true,"href":"https:\/\/blogs.fu-berlin.de\/bibliotheken\/wp-json\/wp\/v2\/comments?post=28948"}],"version-history":[{"count":4,"href":"https:\/\/blogs.fu-berlin.de\/bibliotheken\/wp-json\/wp\/v2\/posts\/28948\/revisions"}],"predecessor-version":[{"id":28954,"href":"https:\/\/blogs.fu-berlin.de\/bibliotheken\/wp-json\/wp\/v2\/posts\/28948\/revisions\/28954"}],"wp:attachment":[{"href":"https:\/\/blogs.fu-berlin.de\/bibliotheken\/wp-json\/wp\/v2\/media?parent=28948"}],"wp:term":[{"taxonomy":"category","embeddable":true,"href":"https:\/\/blogs.fu-berlin.de\/bibliotheken\/wp-json\/wp\/v2\/categories?post=28948"},{"taxonomy":"post_tag","embeddable":true,"href":"https:\/\/blogs.fu-berlin.de\/bibliotheken\/wp-json\/wp\/v2\/tags?post=28948"}],"curies":[{"name":"wp","href":"https:\/\/api.w.org\/{rel}","templated":true}]}}