{"id":28955,"date":"2021-08-26T06:57:43","date_gmt":"2021-08-26T05:57:43","guid":{"rendered":"https:\/\/blogs.fu-berlin.de\/bibliotheken\/?p=28955"},"modified":"2021-09-05T07:05:24","modified_gmt":"2021-09-05T06:05:24","slug":"longlist-fuer-den-deutschen-buchpreis-2021-veroeffentlicht","status":"publish","type":"post","link":"https:\/\/blogs.fu-berlin.de\/bibliotheken\/2021\/08\/26\/longlist-fuer-den-deutschen-buchpreis-2021-veroeffentlicht\/","title":{"rendered":"Longlist f\u00fcr den Deutschen Buchpreis 2021 ver\u00f6ffentlicht"},"content":{"rendered":"\n<p>Der B\u00f6rsenverein des deutschen Buchhandels hat diese Woche die 20 nominierten Romane f\u00fcr den Deutschen Buchpreis <a href=\"https:\/\/www.deutscher-buchpreis.de\/nominiert\/#section-longlist\">bekanntgegeben<\/a>. Seit 2005 verliehen, gilt die mit insgesamt 37.500 Euro dotierte Auszeichnung als deutsche Antwort auf den franz\u00f6sischen Prix Goncourt oder den britischen Booker Prize.<\/p>\n\n\n\n<p>In diesem Jahr treffen die Werke von Autorinnen und Autoren aus Deutschland (13), \u00d6sterreich (5) und der Schweiz (2) aufeinander. Erstmals seit Jahren f\u00fchren m\u00e4nnliche Romanciers die Longlist mit insgesamt elf Nennungen wieder an.<\/p>\n\n\n\n<p><strong>Die 20 Nominierten im \u00dcberblick<br><\/strong>(UPDATE: 03.09.2021; verf\u00fcgbare Titel sind verlinkt und in der <a href=\"https:\/\/www.fu-berlin.de\/sites\/bibliotheken\/bibliothekenfuehrer\/philologische_bibliothek\/index.html\">Philologischen Bibliothek<\/a> vorhanden, Tendenz steigend):<\/p>\n\n\n\n<ul class=\"wp-block-list\"><li>Henning Ahrens: <em><a href=\"https:\/\/fu-berlin.primo.exlibrisgroup.com\/permalink\/49KOBV_FUB\/1v1tp5h\/alma9959934909902883\">Mitgift<\/a><\/em> (Klett-Cotta, August 2021) <\/li><li>Shida Bazyar: <em><a href=\"https:\/\/fu-berlin.primo.exlibrisgroup.com\/permalink\/49KOBV_FUB\/1v1tp5h\/alma9959935115202883\">Drei Kameradinnen<\/a><\/em> (Kiepenheuer &amp; Witsch, April 2021)<\/li><li>Dietmar Dath: <em>Gentzen oder: Betrunken aufr\u00e4umen<\/em> (Matthes &amp; Seitz Berlin, August 2021)<\/li><li>Franzobel: <a href=\"https:\/\/fu-berlin.primo.exlibrisgroup.com\/permalink\/49KOBV_FUB\/1v1tp5h\/alma9959741379902883\"><em>Die Eroberung Amerikas<\/em><\/a> (Paul Zsolnay, Januar 2021)<\/li><li>Georges-Arthur Goldschmidt: <em>Der versperrte Weg<\/em> (Wallstein, Juni 2021)<\/li><li>Dana Grigorcea: <a href=\"https:\/\/fu-berlin.primo.exlibrisgroup.com\/permalink\/49KOBV_FUB\/1v1tp5h\/alma9959803189402883\"><em>Die nicht sterben<\/em><\/a> (Penguin, M\u00e4rz 2021)<\/li><li>Norbert Gstrein: <a href=\"https:\/\/fu-berlin.primo.exlibrisgroup.com\/permalink\/49KOBV_FUB\/1v1tp5h\/alma9959753482202883\"><em>Der zweite Jakob<\/em><\/a> (Carl Hanser, Februar 2021)<\/li><li>Dilek G\u00fcng\u00f6r: <a href=\"https:\/\/fu-berlin.primo.exlibrisgroup.com\/permalink\/49KOBV_FUB\/1v1tp5h\/alma9959904492602883\"><em>Vater und ich<\/em><\/a> (Verbrecher, Juli 2021)<\/li><li>Monika Helfer: <a href=\"https:\/\/fu-berlin.primo.exlibrisgroup.com\/permalink\/49KOBV_FUB\/1v1tp5h\/alma9959728077502883\"><em>Vati<\/em><\/a> (Carl Hanser, Januar 2021)<\/li><li>Felicitas Hoppe: <em>Die Nibelungen<\/em> (S. Fischer, September 2021)<\/li><li>Peter Karoshi: <em>Zu den Elefanten<\/em> (Leykam, Mai 2021)<\/li><li>Christian Kracht: <a href=\"https:\/\/fu-berlin.primo.exlibrisgroup.com\/permalink\/49KOBV_FUB\/1v1tp5h\/alma9959784574902883\"><em>Eurotrash<\/em><\/a> (Kiepenheuer &amp; Witsch, M\u00e4rz 2021)<\/li><li>Thomas Kunst: <a href=\"https:\/\/fu-berlin.primo.exlibrisgroup.com\/permalink\/49KOBV_FUB\/1v1tp5h\/alma9959753478302883\"><em>Zandschower Klinken<\/em><\/a> (Suhrkamp, Februar 2021)<\/li><li>Gert Losch\u00fctz: <a href=\"https:\/\/fu-berlin.primo.exlibrisgroup.com\/permalink\/49KOBV_FUB\/1v1tp5h\/alma9959906473002883\"><em>Besichtigung eines Ungl\u00fccks<\/em><\/a> (Sch\u00f6ffling &amp; Co., Juli 2021)<\/li><li>Yulia Marfutova: <em>Der Himmel vor hundert Jahren<\/em> (Rowohlt, M\u00e4rz 2021) &#8211; <a href=\"https:\/\/fu-berlin.primo.exlibrisgroup.com\/permalink\/49KOBV_FUB\/1v1tp5h\/alma9959786390402883\">in Erwerbung\/vormerkbar<\/a><\/li><li>Sasha Marianna Salzmann:<em> Im Menschen muss alles herrlich sein<\/em> (Suhrkamp, September 2021)<\/li><li>Mithu Sanyal: <em>Identitti <\/em>(Carl Hanser, Februar 2021) &#8211; <a href=\"https:\/\/fu-berlin.primo.exlibrisgroup.com\/permalink\/49KOBV_FUB\/1v1tp5h\/alma9959754073502883\">z. Zt. vermisst<\/a><\/li><li>Ferdinand Schmalz: <em><a href=\"https:\/\/fu-berlin.primo.exlibrisgroup.com\/permalink\/49KOBV_FUB\/icublf\/alma9959935115102883\">Mein Lieblingstier hei\u00dft Winter<\/a><\/em> (S. Fischer, Juli 2021)<\/li><li>Antje R\u00e1vik Strubel: <em>Blaue Frau<\/em> (S. Fischer, August 2021)<\/li><li>Heinz Strunk: <em><a href=\"https:\/\/fu-berlin.primo.exlibrisgroup.com\/permalink\/49KOBV_FUB\/icublf\/alma9959934415302883\">Es ist immer so sch\u00f6n mit dir<\/a><\/em> (Rowohlt, Juli 2021)<\/li><\/ul>\n\n\n\n<p>Insgesamt wurden drei Deb\u00fctromane f\u00fcr die Longlist ber\u00fccksichtigt &#8211; die ehemalige Berliner Studentin Yulia Marfutova, der wir einen <a href=\"https:\/\/de.wikipedia.org\/w\/index.php?title=Yulia_Marfutova&amp;oldid=215018929\">eigenen Wikipedia-Artikel<\/a> spendieren durften, sowie Mithu Sanyal und Ferdinand Schmalz). Bereits mit dem Gef\u00fchl vertraut, um den Preis zu konkurrieren, sind dagegen Dietmar Dath (Shortlist 2008), Franzobel (Longlist 2005, Shortlist 2017), Norbert Gstrein (Longlist 2008 und 2013), Monika Helfer (Longlist 2017),  Felicitas Hoppe (Longlist 2006), Gert Losch\u00fctz (Shortlist 2005, Longlist 2018), Sasha Marianna Salzmann (Shortlist 2017) und Antje R\u00e1vik Strubel (Longlist 2011).<\/p>\n\n\n\n<p>Die Longlist wird am 21. September 2021 von der Jury um Sprecher Knut Cordsen (Kulturredakteur, <em>Bayerischer Rundfunk<\/em>), Bettina Fischer (Leiterin Literaturhaus K\u00f6ln), Anja Johannsen (Leiterin Literarisches Zentrum G\u00f6ttingen), Richard K\u00e4mmerlings (Literarischer Korrespondent, <em>Die Welt<\/em>), Sandra Kegel (Ressortleiterin Feuilleton, <em>Frankfurter Allgemeine Zeitung<\/em>), Beate Scherzer (Buchh\u00e4ndlerin) und Anne-Catherine Simon (Feuilleton-Redakteurin, <em>Die Presse<\/em>) auf sechs finale Romane reduziert, die sogenannte \u201eShortlist\u201c. Die Preisverleihung soll zum Auftakt der Frankfurter Buchmesse am 18. Oktober 2021 im Kaisersaal des Frankfurter R\u00f6mers stattfinden.<\/p>\n\n\n\n<p>Zwar ist die kostenfreie App mit Artikelanf\u00e4ngen seit 2014 pass\u00e9, aber \u00fcber <a href=\"https:\/\/detektor.fm\/themen\/deutscher-buchpreis\">detektor.fm<\/a> lassen sich nach und nach kostenfrei Ausz\u00fcge aus den nominierten Romanen anh\u00f6ren (auch als App verf\u00fcgbar bzw. auf anderen Streaming-Plattformen verf\u00fcgbar). Wer nicht darauf warten will, findet auf der Webseite des Buchpreises unter den <a href=\"https:\/\/www.deutscher-buchpreis.de\/nominiert\/#section-longlist\">jeweiligen Romanprofilen<\/a> alle bereits freigeschalteten H\u00f6rproben (zwischen 8-11 Minuten lang). Auch wird ab dieser Woche wieder ein Taschenbuch <em>(Deutscher Buchpreis 2021: Die Nominierten<\/em>) mit Leseproben und Hintergrundinfos in vielen Buchhandlungen erh\u00e4ltlich sein.<\/p>\n\n\n\n<p><em>(Bildquelle: deutscher-buchpreis.de)<br><br>Vielen Dank an Katja Faensen (Universit\u00e4tsbibliothek) f\u00fcr die Mithilfe bei diesem Posting!<\/em><\/p>\n","protected":false},"excerpt":{"rendered":"<p>Der B\u00f6rsenverein des deutschen Buchhandels hat diese Woche die 20 nominierten Romane f\u00fcr den Deutschen Buchpreis bekanntgegeben. Seit 2005 verliehen, gilt die mit insgesamt 37.500 Euro dotierte Auszeichnung als deutsche Antwort auf den franz\u00f6sischen Prix Goncourt oder den britischen Booker Prize. In diesem Jahr treffen die Werke von Autorinnen und Autoren aus Deutschland (13), \u00d6sterreich &hellip; <a href=\"https:\/\/blogs.fu-berlin.de\/bibliotheken\/2021\/08\/26\/longlist-fuer-den-deutschen-buchpreis-2021-veroeffentlicht\/\" class=\"more-link\"><span class=\"screen-reader-text\">\u201eLonglist f\u00fcr den Deutschen Buchpreis 2021 ver\u00f6ffentlicht\u201c<\/span> weiterlesen<\/a><\/p>\n","protected":false},"author":293,"featured_media":28965,"comment_status":"open","ping_status":"open","sticky":false,"template":"","format":"standard","meta":{"footnotes":""},"categories":[9,604,492],"tags":[57543,986],"class_list":["post-28955","post","type-post","status-publish","format-standard","has-post-thumbnail","hentry","category-allgemein","category-ins-netz-geschaut","category-literaturtipps","tag-deutscher-buchpreis","tag-longlist"],"_links":{"self":[{"href":"https:\/\/blogs.fu-berlin.de\/bibliotheken\/wp-json\/wp\/v2\/posts\/28955","targetHints":{"allow":["GET"]}}],"collection":[{"href":"https:\/\/blogs.fu-berlin.de\/bibliotheken\/wp-json\/wp\/v2\/posts"}],"about":[{"href":"https:\/\/blogs.fu-berlin.de\/bibliotheken\/wp-json\/wp\/v2\/types\/post"}],"author":[{"embeddable":true,"href":"https:\/\/blogs.fu-berlin.de\/bibliotheken\/wp-json\/wp\/v2\/users\/293"}],"replies":[{"embeddable":true,"href":"https:\/\/blogs.fu-berlin.de\/bibliotheken\/wp-json\/wp\/v2\/comments?post=28955"}],"version-history":[{"count":14,"href":"https:\/\/blogs.fu-berlin.de\/bibliotheken\/wp-json\/wp\/v2\/posts\/28955\/revisions"}],"predecessor-version":[{"id":28995,"href":"https:\/\/blogs.fu-berlin.de\/bibliotheken\/wp-json\/wp\/v2\/posts\/28955\/revisions\/28995"}],"wp:featuredmedia":[{"embeddable":true,"href":"https:\/\/blogs.fu-berlin.de\/bibliotheken\/wp-json\/wp\/v2\/media\/28965"}],"wp:attachment":[{"href":"https:\/\/blogs.fu-berlin.de\/bibliotheken\/wp-json\/wp\/v2\/media?parent=28955"}],"wp:term":[{"taxonomy":"category","embeddable":true,"href":"https:\/\/blogs.fu-berlin.de\/bibliotheken\/wp-json\/wp\/v2\/categories?post=28955"},{"taxonomy":"post_tag","embeddable":true,"href":"https:\/\/blogs.fu-berlin.de\/bibliotheken\/wp-json\/wp\/v2\/tags?post=28955"}],"curies":[{"name":"wp","href":"https:\/\/api.w.org\/{rel}","templated":true}]}}