{"id":28987,"date":"2021-09-08T08:22:00","date_gmt":"2021-09-08T07:22:00","guid":{"rendered":"https:\/\/blogs.fu-berlin.de\/bibliotheken\/?p=28987"},"modified":"2021-09-07T07:16:02","modified_gmt":"2021-09-07T06:16:02","slug":"schliessung-bibliothek-fuer-sozialwissenschaften-und-osteuropastudien-am-13-09","status":"publish","type":"post","link":"https:\/\/blogs.fu-berlin.de\/bibliotheken\/2021\/09\/08\/schliessung-bibliothek-fuer-sozialwissenschaften-und-osteuropastudien-am-13-09\/","title":{"rendered":"Schlie\u00dfung Bibliothek f\u00fcr Sozialwissenschaften und Osteuropastudien am 13.09."},"content":{"rendered":"\n<figure class=\"wp-block-image size-large\"><img loading=\"lazy\" decoding=\"async\" width=\"2048\" height=\"1365\" src=\"https:\/\/blogs.fu-berlin.de\/bibliotheken\/files\/2021\/09\/OSI-1.jpg\" alt=\"\" class=\"wp-image-28988\" srcset=\"https:\/\/blogs.fu-berlin.de\/bibliotheken\/files\/2021\/09\/OSI-1.jpg 2048w, https:\/\/blogs.fu-berlin.de\/bibliotheken\/files\/2021\/09\/OSI-1-300x200.jpg 300w, https:\/\/blogs.fu-berlin.de\/bibliotheken\/files\/2021\/09\/OSI-1-1536x1024.jpg 1536w, https:\/\/blogs.fu-berlin.de\/bibliotheken\/files\/2021\/09\/OSI-1-1200x800.jpg 1200w\" sizes=\"auto, (max-width: 709px) 85vw, (max-width: 909px) 67vw, (max-width: 1362px) 62vw, 840px\" \/><\/figure>\n\n\n\n<hr class=\"wp-block-separator\" \/>\n\n\n\n<p>Die Bibliothek f\u00fcr Sozialwissenschaften und Osteuropastudien hat am 13.09.2021 an beiden Standorten (Garystr. 55 und Ihnestr. 21) geschlossen.<\/p>\n\n\n\n<p>Das Bibliotheksteam macht seinen j\u00e4hrlichen Betriebsausflug. Die R\u00fcckgabe von B\u00fcchern ist an allen anderen Bibliotheksstandorten m\u00f6glich.<\/p>\n\n\n\n<p>Wir bitten um Verst\u00e4ndnis.<\/p>\n\n\n\n<hr class=\"wp-block-separator\" \/>\n","protected":false},"excerpt":{"rendered":"<p>Die Bibliothek f\u00fcr Sozialwissenschaften und Osteuropastudien hat am 13.09.2021 an beiden Standorten (Garystr. 55 und Ihnestr. 21) geschlossen. Das Bibliotheksteam macht seinen j\u00e4hrlichen Betriebsausflug. Die R\u00fcckgabe von B\u00fcchern ist an allen anderen Bibliotheksstandorten m\u00f6glich. Wir bitten um Verst\u00e4ndnis.<\/p>\n","protected":false},"author":5902,"featured_media":0,"comment_status":"open","ping_status":"open","sticky":false,"template":"","format":"standard","meta":{"footnotes":""},"categories":[9,600],"tags":[641,237774],"class_list":["post-28987","post","type-post","status-publish","format-standard","hentry","category-allgemein","category-fachbibliotheken","tag-offnungszeiten","tag-sonderschliesszeiten"],"_links":{"self":[{"href":"https:\/\/blogs.fu-berlin.de\/bibliotheken\/wp-json\/wp\/v2\/posts\/28987","targetHints":{"allow":["GET"]}}],"collection":[{"href":"https:\/\/blogs.fu-berlin.de\/bibliotheken\/wp-json\/wp\/v2\/posts"}],"about":[{"href":"https:\/\/blogs.fu-berlin.de\/bibliotheken\/wp-json\/wp\/v2\/types\/post"}],"author":[{"embeddable":true,"href":"https:\/\/blogs.fu-berlin.de\/bibliotheken\/wp-json\/wp\/v2\/users\/5902"}],"replies":[{"embeddable":true,"href":"https:\/\/blogs.fu-berlin.de\/bibliotheken\/wp-json\/wp\/v2\/comments?post=28987"}],"version-history":[{"count":2,"href":"https:\/\/blogs.fu-berlin.de\/bibliotheken\/wp-json\/wp\/v2\/posts\/28987\/revisions"}],"predecessor-version":[{"id":28997,"href":"https:\/\/blogs.fu-berlin.de\/bibliotheken\/wp-json\/wp\/v2\/posts\/28987\/revisions\/28997"}],"wp:attachment":[{"href":"https:\/\/blogs.fu-berlin.de\/bibliotheken\/wp-json\/wp\/v2\/media?parent=28987"}],"wp:term":[{"taxonomy":"category","embeddable":true,"href":"https:\/\/blogs.fu-berlin.de\/bibliotheken\/wp-json\/wp\/v2\/categories?post=28987"},{"taxonomy":"post_tag","embeddable":true,"href":"https:\/\/blogs.fu-berlin.de\/bibliotheken\/wp-json\/wp\/v2\/tags?post=28987"}],"curies":[{"name":"wp","href":"https:\/\/api.w.org\/{rel}","templated":true}]}}