{"id":28990,"date":"2021-09-02T18:50:08","date_gmt":"2021-09-02T17:50:08","guid":{"rendered":"https:\/\/blogs.fu-berlin.de\/bibliotheken\/?p=28990"},"modified":"2021-09-02T18:50:08","modified_gmt":"2021-09-02T17:50:08","slug":"universitaetsbibliothek-erweitert-oeffnungszeiten","status":"publish","type":"post","link":"https:\/\/blogs.fu-berlin.de\/bibliotheken\/2021\/09\/02\/universitaetsbibliothek-erweitert-oeffnungszeiten\/","title":{"rendered":"Universit\u00e4tsbibliothek erweitert \u00d6ffnungszeiten"},"content":{"rendered":"\n<p class=\"has-text-color has-background has-white-color has-bright-blue-background-color\">(See below for the English Translation)<\/p>\n\n\n\n<p>Die <a href=\"https:\/\/www.fu-berlin.de\/sites\/ub\/index.html\">Universit\u00e4tsbibliothek<\/a> erweitert ab Montag, den 13. September 2021 ihre \u00d6ffnungszeiten:<\/p>\n\n\n\n<p class=\"has-text-align-center\"><strong>Montag \u2013 Freitag 10:00 \u2013 18:00 Uhr<\/strong><\/p>\n\n\n\n<p>Damit wird die Bibliothek jeden Tag f\u00fcr zwei Stunden l\u00e4nger ge\u00f6ffnet sein. Bisher schloss die Universit\u00e4tsbibliothek bereits um 16 Uhr.<\/p>\n\n\n\n<p>Neben der Leihstelle passen wir auch die Servicezeiten des Lesesaals an. Die Angleichung der neuen \u00d6ffnungszeiten im <a href=\"https:\/\/www.fu-berlin.de\/sites\/ub\/arbeitsplaetze\/lernort\/index.html\">Buchungssystem f\u00fcr Arbeitspl\u00e4tze<\/a> wird Freitag Nachmittag, den 10. September erfolgen.<\/p>\n\n\n\n<p>Zwischenzeitlich wurde auch die <a rel=\"noreferrer noopener\" href=\"https:\/\/www.berlin.de\/corona\/massnahmen\/verordnung\/\" target=\"_blank\">Dritte SARS-CoV-2-Infektionsschutzverordnung<\/a>\u00a0ge\u00e4ndert. Sie besagt nun, dass als Nachweis max. 48 Stunden alte PCR-Tests g\u00fcltig sind (Antigen-Schnelltests eines ausgewiesenen Testzentrums d\u00fcrfen maximal 24 Stunden\u00a0alt sein).<\/p>\n\n\n\n<p><em>(Bild: Bernd Wannenmacher)<\/em><\/p>\n\n\n\n<p class=\"has-text-color has-background has-text-align-left has-white-color has-bright-blue-background-color\">The <a href=\"https:\/\/www.fu-berlin.de\/en\/sites\/ub\/index.html\">University Library<\/a> is expanding its Opening Hours from Monday, September 13, 2021:<br><br><strong>Monday to Friday, 10 a.m. to 6 p.m.<\/strong><br><br>This means that the library will be open for two hours longer each day. The University Library previously closed at 4 p.m.<br><br>In addition to the Circulation Desk, we are also adjusting the service times of the Reading Room. The adjustment of the new opening times in the <a href=\"https:\/\/www.fu-berlin.de\/en\/sites\/ub\/arbeitsplaetze\/gruppen\/raumbuchung1\/index.html\">booking system for workplaces<\/a> will take place on Friday afternoon, September 10th.<br><br>In the meantime, the <a rel=\"noreferrer noopener\" href=\"https:\/\/www.berlin.de\/corona\/en\/measures\/directive\" target=\"_blank\">Third SARS-CoV-2 Infection Protection Measures Ordinance<\/a> has also been changed. It now states that a PCR test that is no longer than 48 hours old is valid as evidence (point-of-care (PoC) antigen self-tests may not be more than 24 hours old).<br><br><em>(Picture: Bernd Wannenmacher)<\/em><\/p>\n","protected":false},"excerpt":{"rendered":"<p>(See below for the English Translation) Die Universit\u00e4tsbibliothek erweitert ab Montag, den 13. September 2021 ihre \u00d6ffnungszeiten: Montag \u2013 Freitag 10:00 \u2013 18:00 Uhr Damit wird die Bibliothek jeden Tag f\u00fcr zwei Stunden l\u00e4nger ge\u00f6ffnet sein. Bisher schloss die Universit\u00e4tsbibliothek bereits um 16 Uhr. Neben der Leihstelle passen wir auch die Servicezeiten des Lesesaals an. &hellip; <a href=\"https:\/\/blogs.fu-berlin.de\/bibliotheken\/2021\/09\/02\/universitaetsbibliothek-erweitert-oeffnungszeiten\/\" class=\"more-link\"><span class=\"screen-reader-text\">\u201eUniversit\u00e4tsbibliothek erweitert \u00d6ffnungszeiten\u201c<\/span> weiterlesen<\/a><\/p>\n","protected":false},"author":293,"featured_media":27037,"comment_status":"open","ping_status":"open","sticky":false,"template":"","format":"standard","meta":{"footnotes":""},"categories":[9,601],"tags":[641,57467],"class_list":["post-28990","post","type-post","status-publish","format-standard","has-post-thumbnail","hentry","category-allgemein","category-universitatsbibliothek","tag-offnungszeiten","tag-universitatsbibliothek"],"_links":{"self":[{"href":"https:\/\/blogs.fu-berlin.de\/bibliotheken\/wp-json\/wp\/v2\/posts\/28990","targetHints":{"allow":["GET"]}}],"collection":[{"href":"https:\/\/blogs.fu-berlin.de\/bibliotheken\/wp-json\/wp\/v2\/posts"}],"about":[{"href":"https:\/\/blogs.fu-berlin.de\/bibliotheken\/wp-json\/wp\/v2\/types\/post"}],"author":[{"embeddable":true,"href":"https:\/\/blogs.fu-berlin.de\/bibliotheken\/wp-json\/wp\/v2\/users\/293"}],"replies":[{"embeddable":true,"href":"https:\/\/blogs.fu-berlin.de\/bibliotheken\/wp-json\/wp\/v2\/comments?post=28990"}],"version-history":[{"count":3,"href":"https:\/\/blogs.fu-berlin.de\/bibliotheken\/wp-json\/wp\/v2\/posts\/28990\/revisions"}],"predecessor-version":[{"id":28993,"href":"https:\/\/blogs.fu-berlin.de\/bibliotheken\/wp-json\/wp\/v2\/posts\/28990\/revisions\/28993"}],"wp:featuredmedia":[{"embeddable":true,"href":"https:\/\/blogs.fu-berlin.de\/bibliotheken\/wp-json\/wp\/v2\/media\/27037"}],"wp:attachment":[{"href":"https:\/\/blogs.fu-berlin.de\/bibliotheken\/wp-json\/wp\/v2\/media?parent=28990"}],"wp:term":[{"taxonomy":"category","embeddable":true,"href":"https:\/\/blogs.fu-berlin.de\/bibliotheken\/wp-json\/wp\/v2\/categories?post=28990"},{"taxonomy":"post_tag","embeddable":true,"href":"https:\/\/blogs.fu-berlin.de\/bibliotheken\/wp-json\/wp\/v2\/tags?post=28990"}],"curies":[{"name":"wp","href":"https:\/\/api.w.org\/{rel}","templated":true}]}}