{"id":29000,"date":"2021-09-07T13:16:56","date_gmt":"2021-09-07T12:16:56","guid":{"rendered":"https:\/\/blogs.fu-berlin.de\/bibliotheken\/?p=29000"},"modified":"2021-09-07T13:16:56","modified_gmt":"2021-09-07T12:16:56","slug":"lernen-aus-3-semstern-online-lehre","status":"publish","type":"post","link":"https:\/\/blogs.fu-berlin.de\/bibliotheken\/2021\/09\/07\/lernen-aus-3-semstern-online-lehre\/","title":{"rendered":"Lernen aus 3 Semstern Online-Lehre"},"content":{"rendered":"\n<p>Drei Semester Online-Lehre liegen hinter uns mit vielfachen Herausforderungen. Welche Lehren lassen sich daraus ziehen? Wie k\u00f6nnen digitale Lehr-\/Lernformate verbessert und mit Pr\u00e4senzformaten sinnvoll kombiniert werden \u2013 Stichworte Hybride Lehre und Blended Learning? Wo brauchen Lehrende mehr Unterst\u00fctzung?<\/p>\n\n\n\n<div class=\"wp-block-image\"><figure class=\"alignright size-large is-resized\"><img loading=\"lazy\" decoding=\"async\" src=\"https:\/\/blogs.fu-berlin.de\/bibliotheken\/files\/2021\/09\/IPad_Bibliothek-1-scaled.jpg\" alt=\"\" class=\"wp-image-29005\" width=\"414\" height=\"275\" srcset=\"https:\/\/blogs.fu-berlin.de\/bibliotheken\/files\/2021\/09\/IPad_Bibliothek-1-scaled.jpg 2560w, https:\/\/blogs.fu-berlin.de\/bibliotheken\/files\/2021\/09\/IPad_Bibliothek-1-300x200.jpg 300w, https:\/\/blogs.fu-berlin.de\/bibliotheken\/files\/2021\/09\/IPad_Bibliothek-1-1536x1024.jpg 1536w, https:\/\/blogs.fu-berlin.de\/bibliotheken\/files\/2021\/09\/IPad_Bibliothek-1-2048x1365.jpg 2048w, https:\/\/blogs.fu-berlin.de\/bibliotheken\/files\/2021\/09\/IPad_Bibliothek-1-1200x800.jpg 1200w\" sizes=\"auto, (max-width: 414px) 85vw, 414px\" \/><figcaption><em>Bildquelle: Center f\u00fcr Digitale Systeme<\/em><\/figcaption><\/figure><\/div>\n\n\n\n<p>Speziell f\u00fcr die Fachbereiche der Freien Universit\u00e4t Berlin bietet das <a href=\"https:\/\/www.cedis.fu-berlin.de\/\" target=\"_blank\" rel=\"noreferrer noopener\">Center f\u00fcr Digitale Systeme<\/a> (CeDiS) Veranstaltungen zu diesen Themen im Zeitraum September bis Oktober 2021 an.<\/p>\n\n\n\n<p>Hier wird die fachbereichsspezifische Lehre mit Blick auf die Planungen des Wintersemesters und dar\u00fcber hinaus herausgearbeitet. Das Angebot ist auf au\u00dferordentlich hohen Zuspruch gesto\u00dfen und wird an allen Fachbereichen, den Zentralinstituten und dem Sprachenzentrum durchf\u00fchrt.<\/p>\n\n\n\n<p>Mit diesen Veranstaltungen kann eine gute Vorbereitung auf das neue Semester und die Lehre in der \u201ePostpandemie\u201c gelingen. Die Herausforderungen der letzten drei Semester haben gezeigt, dass viele neue Dinge eine \u201eOnline-Routine\u201c erlangt haben. Optimierungen und Hilfestellungen sind wertvolle Voraussetzungen, um das Lehren und Lernen an der Freien Universit\u00e4t bestm\u00f6glich umzusetzen. Hier geht es zu den Veranstaltungsangeboten: <a rel=\"noreferrer noopener\" href=\"https:\/\/www.cedis.fu-berlin.de\/services\/fortbildung\/termine\/FB-Termine\/index.html\" target=\"_blank\">https:\/\/www.cedis.fu-berlin.de\/services\/fortbildung\/termine\/FB-Termine\/index.html<\/a><\/p>\n\n\n\n<p><em>Autorin: Ulrike Mu\u00dfmann, Center f\u00fcr Digitale Systeme (CeDiS), Universit\u00e4tsbibliothek<\/em><\/p>\n\n\n\n<p><\/p>\n","protected":false},"excerpt":{"rendered":"<p>Drei Semester Online-Lehre liegen hinter uns mit vielfachen Herausforderungen. Welche Lehren lassen sich daraus ziehen? Wie k\u00f6nnen digitale Lehr-\/Lernformate verbessert und mit Pr\u00e4senzformaten sinnvoll kombiniert werden \u2013 Stichworte Hybride Lehre und Blended Learning? Wo brauchen Lehrende mehr Unterst\u00fctzung? Speziell f\u00fcr die Fachbereiche der Freien Universit\u00e4t Berlin bietet das Center f\u00fcr Digitale Systeme (CeDiS) Veranstaltungen zu &hellip; <a href=\"https:\/\/blogs.fu-berlin.de\/bibliotheken\/2021\/09\/07\/lernen-aus-3-semstern-online-lehre\/\" class=\"more-link\"><span class=\"screen-reader-text\">\u201eLernen aus 3 Semstern Online-Lehre\u201c<\/span> weiterlesen<\/a><\/p>\n","protected":false},"author":6453,"featured_media":0,"comment_status":"open","ping_status":"open","sticky":false,"template":"","format":"standard","meta":{"footnotes":""},"categories":[9,491],"tags":[89,368620,368619],"class_list":["post-29000","post","type-post","status-publish","format-standard","hentry","category-allgemein","category-lernangebote-kurse","tag-e-learning","tag-hybride-lehre","tag-wintersemster-21-22"],"_links":{"self":[{"href":"https:\/\/blogs.fu-berlin.de\/bibliotheken\/wp-json\/wp\/v2\/posts\/29000","targetHints":{"allow":["GET"]}}],"collection":[{"href":"https:\/\/blogs.fu-berlin.de\/bibliotheken\/wp-json\/wp\/v2\/posts"}],"about":[{"href":"https:\/\/blogs.fu-berlin.de\/bibliotheken\/wp-json\/wp\/v2\/types\/post"}],"author":[{"embeddable":true,"href":"https:\/\/blogs.fu-berlin.de\/bibliotheken\/wp-json\/wp\/v2\/users\/6453"}],"replies":[{"embeddable":true,"href":"https:\/\/blogs.fu-berlin.de\/bibliotheken\/wp-json\/wp\/v2\/comments?post=29000"}],"version-history":[{"count":14,"href":"https:\/\/blogs.fu-berlin.de\/bibliotheken\/wp-json\/wp\/v2\/posts\/29000\/revisions"}],"predecessor-version":[{"id":29016,"href":"https:\/\/blogs.fu-berlin.de\/bibliotheken\/wp-json\/wp\/v2\/posts\/29000\/revisions\/29016"}],"wp:attachment":[{"href":"https:\/\/blogs.fu-berlin.de\/bibliotheken\/wp-json\/wp\/v2\/media?parent=29000"}],"wp:term":[{"taxonomy":"category","embeddable":true,"href":"https:\/\/blogs.fu-berlin.de\/bibliotheken\/wp-json\/wp\/v2\/categories?post=29000"},{"taxonomy":"post_tag","embeddable":true,"href":"https:\/\/blogs.fu-berlin.de\/bibliotheken\/wp-json\/wp\/v2\/tags?post=29000"}],"curies":[{"name":"wp","href":"https:\/\/api.w.org\/{rel}","templated":true}]}}