{"id":2921,"date":"2009-10-09T13:51:43","date_gmt":"2009-10-09T12:51:43","guid":{"rendered":"https:\/\/blogs.fu-berlin.de\/bibliotheken\/?p=2921"},"modified":"2009-10-09T15:05:56","modified_gmt":"2009-10-09T14:05:56","slug":"neu-im-buchregal-%e2%80%9cgeschichte-des-westens%e2%80%9d","status":"publish","type":"post","link":"https:\/\/blogs.fu-berlin.de\/bibliotheken\/2009\/10\/09\/neu-im-buchregal-%e2%80%9cgeschichte-des-westens%e2%80%9d\/","title":{"rendered":"Neu im Buchregal: \u201cGeschichte des Westens\u201d"},"content":{"rendered":"<p><img loading=\"lazy\" decoding=\"async\" src=\"https:\/\/blogs.fu-berlin.de\/bibliotheken\/files\/2009\/10\/winkler_small.jpg\" width=\"138\" height=\"220\" class=\"size-full wp-image-2926\" align=\"right\" \/> Aus dem &#8222;Klappentext&#8220;: &#8222;Der Westen &#8211; seit dem Zeitalter der Entdeckungen ist er gleichsam das welthistorische Ma\u00df aller Dinge. Er hat fremde Reiche erobert und ganze Kontinente unterworfen, die Erde bis in ihre entlegensten Winkel erschlossen, die Naturwissenschaften und die moderne Technik hervorge\u00adbracht, die Menschen- und B\u00fcrgerrechte, die Herrschaft des Rechts und die Demokratie erfunden. Aber er hat auch oft genug seine Werte verraten, Freiheit gepredigt und Habgier gemeint und mit dem Kapitalismus eine \u00d6konomisierung aller Lebensverh\u00e4ltnisse entfesselt, die bis heute die Menschheit in Atem h\u00e4lt. In einem grandiosen Panorama erz\u00e4hlt Heinrich August Winkler zum ersten mal \u00fcberhaupt die Geschichte des Westens &#8211; und damit auch die Geschichte unserer eigenen Identit\u00e4t.&#8220;<\/p>\n<p>Winkler behandelt im vorliegenden Werk die Zeit von den Anf\u00e4ngen der westlichen Welt in der Antike bis zum Ausbruch des 1. Weltkriegs. Ein Nachfolgeband ist angek\u00fcndigt f\u00fcr 2012.<\/p>\n<p>Heinrich August Winkler, Jg. 1938, war von 1964 bis 1970 als wissenschaftlicher Assistent an der Freien Universit\u00e4t Berlin t\u00e4tig, wo er sich 1970 in den F\u00e4chern Neuere Geschichte und Wissenschaftliche Politik habilitierte. Nach langj\u00e4hriger Professur in Freiburg im Breisgau, \u00fcbernahm er 1991 einen Lehrstuhl f\u00fcr Neueste Geschichte an der Humboldt-Universit\u00e4t zu Berlin (emeritiert nach dem Wintersemester 2006\/07). Winkler gilt als einer der renommiertesten und einflussreichsten deutschen Historiker der Nachkriegszeit.<\/p>\n<p>Das Buch mit der Signatur <a href=\"https:\/\/sf4.ub.fu-berlin.de\/F\/?func=find-e&amp;request=winkler+westens&amp;find_scan_code=FIND_WRD&amp;adjacent=N\">18\/2009\/2857<\/a> ist 2009 im Verlag C.H. Beck erschienen, geht gerade in der UB durch den Gesch\u00e4ftsgang und ist &#8211; wenig \u00fcberraschend &#8211; bereits vorgemerkt &#8230; <\/p>\n<p>Wer mehr erfahren m\u00f6chte: Der SPIEGEL befragte Winkler k\u00fcrzlich in einem <a href=\"https:\/\/wissen.spiegel.de\/wissen\/dokument\/dokument.html?id=66970433&amp;top=SPIEGEL\">Interview<\/a> (Heft 39\/2009 vom 21.09.2009, Seite 58 ff.) zu den wesentlichen Motiven und Aussagen seines neuen Buchs. <\/p>\n","protected":false},"excerpt":{"rendered":"<p>Aus dem &#8222;Klappentext&#8220;: &#8222;Der Westen &#8211; seit dem Zeitalter der Entdeckungen ist er gleichsam das welthistorische Ma\u00df aller Dinge. Er hat fremde Reiche erobert und ganze Kontinente unterworfen, die Erde bis in ihre entlegensten Winkel erschlossen, die Naturwissenschaften und die moderne Technik hervorge\u00adbracht, die Menschen- und B\u00fcrgerrechte, die Herrschaft des Rechts und die Demokratie erfunden. &hellip; <a href=\"https:\/\/blogs.fu-berlin.de\/bibliotheken\/2009\/10\/09\/neu-im-buchregal-%e2%80%9cgeschichte-des-westens%e2%80%9d\/\" class=\"more-link\"><span class=\"screen-reader-text\">\u201eNeu im Buchregal: \u201cGeschichte des Westens\u201d\u201c<\/span> weiterlesen<\/a><\/p>\n","protected":false},"author":267,"featured_media":0,"comment_status":"open","ping_status":"open","sticky":false,"template":"","format":"standard","meta":{"footnotes":""},"categories":[492],"tags":[507,471,1123,1124],"class_list":["post-2921","post","type-post","status-publish","format-standard","hentry","category-literaturtipps","tag-buchtipp","tag-geschichte","tag-westliche-kultur","tag-westliche-welt"],"_links":{"self":[{"href":"https:\/\/blogs.fu-berlin.de\/bibliotheken\/wp-json\/wp\/v2\/posts\/2921","targetHints":{"allow":["GET"]}}],"collection":[{"href":"https:\/\/blogs.fu-berlin.de\/bibliotheken\/wp-json\/wp\/v2\/posts"}],"about":[{"href":"https:\/\/blogs.fu-berlin.de\/bibliotheken\/wp-json\/wp\/v2\/types\/post"}],"author":[{"embeddable":true,"href":"https:\/\/blogs.fu-berlin.de\/bibliotheken\/wp-json\/wp\/v2\/users\/267"}],"replies":[{"embeddable":true,"href":"https:\/\/blogs.fu-berlin.de\/bibliotheken\/wp-json\/wp\/v2\/comments?post=2921"}],"version-history":[{"count":10,"href":"https:\/\/blogs.fu-berlin.de\/bibliotheken\/wp-json\/wp\/v2\/posts\/2921\/revisions"}],"predecessor-version":[{"id":2932,"href":"https:\/\/blogs.fu-berlin.de\/bibliotheken\/wp-json\/wp\/v2\/posts\/2921\/revisions\/2932"}],"wp:attachment":[{"href":"https:\/\/blogs.fu-berlin.de\/bibliotheken\/wp-json\/wp\/v2\/media?parent=2921"}],"wp:term":[{"taxonomy":"category","embeddable":true,"href":"https:\/\/blogs.fu-berlin.de\/bibliotheken\/wp-json\/wp\/v2\/categories?post=2921"},{"taxonomy":"post_tag","embeddable":true,"href":"https:\/\/blogs.fu-berlin.de\/bibliotheken\/wp-json\/wp\/v2\/tags?post=2921"}],"curies":[{"name":"wp","href":"https:\/\/api.w.org\/{rel}","templated":true}]}}