{"id":2937,"date":"2009-10-12T07:45:02","date_gmt":"2009-10-12T06:45:02","guid":{"rendered":"https:\/\/blogs.fu-berlin.de\/bibliotheken\/?p=2937"},"modified":"2009-10-12T07:45:02","modified_gmt":"2009-10-12T06:45:02","slug":"news-der-philologischen-bibliothek-als-rss-feed","status":"publish","type":"post","link":"https:\/\/blogs.fu-berlin.de\/bibliotheken\/2009\/10\/12\/news-der-philologischen-bibliothek-als-rss-feed\/","title":{"rendered":"News der Philologischen Bibliothek als RSS Feed"},"content":{"rendered":"<p><span style=\"color: #000000\">F\u00fcr unsere Nutzer und Nutzerinnen haben wir, wie in der <\/span><span style=\"color: #000000\">Benutzerumfrage gew\u00fcnscht, einen RSS-Feed f\u00fcr unsere News eingerichtet.<\/span><span style=\"color: #000000\"> <\/span><\/p>\n<p><span style=\"color: #000000\">Um wichtige Mitteilungen und \u00c4nderungen zu erhalten, kann der <\/span><span style=\"color: #000000\">RSS-Feed auf der Homepage der <a title=\"Philologische Bibliothek\" href=\"https:\/\/www.fu-berlin.de\/bibliothek\/philbib\/index.html\" target=\"_blank\">Philologischen Bibliothek<\/a> \u00fcber das Icon in der Adress-Leiste des Browsers eingerichtet <\/span><span style=\"color: #000000\">werden.<\/span><\/p>\n","protected":false},"excerpt":{"rendered":"<p>F\u00fcr unsere Nutzer und Nutzerinnen haben wir, wie in der Benutzerumfrage gew\u00fcnscht, einen RSS-Feed f\u00fcr unsere News eingerichtet. Um wichtige Mitteilungen und \u00c4nderungen zu erhalten, kann der RSS-Feed auf der Homepage der Philologischen Bibliothek \u00fcber das Icon in der Adress-Leiste des Browsers eingerichtet werden.<\/p>\n","protected":false},"author":388,"featured_media":0,"comment_status":"open","ping_status":"open","sticky":false,"template":"","format":"standard","meta":{"footnotes":""},"categories":[9,600],"tags":[],"class_list":["post-2937","post","type-post","status-publish","format-standard","hentry","category-allgemein","category-fachbibliotheken"],"_links":{"self":[{"href":"https:\/\/blogs.fu-berlin.de\/bibliotheken\/wp-json\/wp\/v2\/posts\/2937","targetHints":{"allow":["GET"]}}],"collection":[{"href":"https:\/\/blogs.fu-berlin.de\/bibliotheken\/wp-json\/wp\/v2\/posts"}],"about":[{"href":"https:\/\/blogs.fu-berlin.de\/bibliotheken\/wp-json\/wp\/v2\/types\/post"}],"author":[{"embeddable":true,"href":"https:\/\/blogs.fu-berlin.de\/bibliotheken\/wp-json\/wp\/v2\/users\/388"}],"replies":[{"embeddable":true,"href":"https:\/\/blogs.fu-berlin.de\/bibliotheken\/wp-json\/wp\/v2\/comments?post=2937"}],"version-history":[{"count":8,"href":"https:\/\/blogs.fu-berlin.de\/bibliotheken\/wp-json\/wp\/v2\/posts\/2937\/revisions"}],"predecessor-version":[{"id":2945,"href":"https:\/\/blogs.fu-berlin.de\/bibliotheken\/wp-json\/wp\/v2\/posts\/2937\/revisions\/2945"}],"wp:attachment":[{"href":"https:\/\/blogs.fu-berlin.de\/bibliotheken\/wp-json\/wp\/v2\/media?parent=2937"}],"wp:term":[{"taxonomy":"category","embeddable":true,"href":"https:\/\/blogs.fu-berlin.de\/bibliotheken\/wp-json\/wp\/v2\/categories?post=2937"},{"taxonomy":"post_tag","embeddable":true,"href":"https:\/\/blogs.fu-berlin.de\/bibliotheken\/wp-json\/wp\/v2\/tags?post=2937"}],"curies":[{"name":"wp","href":"https:\/\/api.w.org\/{rel}","templated":true}]}}