{"id":2946,"date":"2009-10-12T10:23:42","date_gmt":"2009-10-12T09:23:42","guid":{"rendered":"https:\/\/blogs.fu-berlin.de\/bibliotheken\/?p=2946"},"modified":"2009-10-12T16:29:40","modified_gmt":"2009-10-12T15:29:40","slug":"grimm-zentrum-offnet-seine-pforten","status":"publish","type":"post","link":"https:\/\/blogs.fu-berlin.de\/bibliotheken\/2009\/10\/12\/grimm-zentrum-offnet-seine-pforten\/","title":{"rendered":"Grimm-Zentrum \u00f6ffnet seine Pforten"},"content":{"rendered":"<p>Ab heute beginnen die Feierlichkeiten zum 200-j\u00e4hrigen Bestehen der Berliner Humboldt-Universit\u00e4t. In den n\u00e4chsten 15 Monaten sollen ca. 150 Veranstaltungen zur Geschichte, Gegenwart und Zukunft zum Thema Hochschulen geben. Einher geht dieses geschichtstr\u00e4chtige Datum mit der Er\u00f6ffnung des Jacob-und-Wilhelm-Grimm-Zentrums in Mitte.<br \/>\n<img loading=\"lazy\" decoding=\"async\" src=\"https:\/\/www.ub.fu-berlin.de\/image\/neue_homepage\/blog\/grimm.jpg\" height=\"190\" width=\"143\" align=\"right\" hspace=\"4\" vspace=\"4\">Der 75,5 Millionen Euro teure Neubau des Schweizer Architekten Max Dudler beherbergt von nun an die neue Zentralbibliothek sowie mehrere Zweig- und Teilbibliotheken der HU. Nach mehrmonatigen Notbetrieb  (unser <a href=\"https:\/\/blogs.fu-berlin.de\/bibliotheken\/2009\/05\/28\/hu-bibliotheken-ziehen-ab-juni-um\/\">BiblioBlog berichtete<\/a>) kann man sich nun auf eine Bibliothek mit ca. zwei Millionen B\u00e4nden in frei zug\u00e4nglicher Aufstellung freuen &#8211; die Hauptstadt biete ein vortreffliches Panorama dieses Bautyps so <a href=\"https:\/\/www.welt.de\/die-welt\/kultur\/article4814939\/Bibliothek-der-Superlative.html\">Die Welt<\/a> in ihrer heutigen Online-Ausgabe, zu dem auch die Philologische Bibliothek der Freien Universit\u00e4t (erbaut von Norman Foster), die Parlamentsbibliothek im Marie-Elisabeth-L\u00fcders Haus (Stephan Braunfels),  die beiden H\u00e4user der Staatsbibliothek (HG Merz und Hans Scharoun) und die Universit\u00e4tsbibliothek der FU (Heinrich Sobotka und Gustav M\u00fcller) gez\u00e4hlt werden.<\/p>\n<p>Von dieser Stelle aus die besten Gl\u00fcckw\u00fcnsche an die HU-Kollegen zu ihrem Neubau, die sich ab heute auch \u00fcber einen schicken <a href=\"https:\/\/www.ub.hu-berlin.de\/\">Relaunch ihrer Website<\/a> freuen k\u00f6nnen!<\/p>\n<p>Hier geht es zu einer <a href=\"https:\/\/www.ub.fu-berlin.de\/intern\/grimm-zentrum.html\">Fotostrecke<\/a>, die das UB-Webteam, das die Bibliothek vorab besuchen durfte, ins Netz gestellt hat. <\/p>\n","protected":false},"excerpt":{"rendered":"<p>Ab heute beginnen die Feierlichkeiten zum 200-j\u00e4hrigen Bestehen der Berliner Humboldt-Universit\u00e4t. In den n\u00e4chsten 15 Monaten sollen ca. 150 Veranstaltungen zur Geschichte, Gegenwart und Zukunft zum Thema Hochschulen geben. Einher geht dieses geschichtstr\u00e4chtige Datum mit der Er\u00f6ffnung des Jacob-und-Wilhelm-Grimm-Zentrums in Mitte. Der 75,5 Millionen Euro teure Neubau des Schweizer Architekten Max Dudler beherbergt von nun &hellip; <a href=\"https:\/\/blogs.fu-berlin.de\/bibliotheken\/2009\/10\/12\/grimm-zentrum-offnet-seine-pforten\/\" class=\"more-link\"><span class=\"screen-reader-text\">\u201eGrimm-Zentrum \u00f6ffnet seine Pforten\u201c<\/span> weiterlesen<\/a><\/p>\n","protected":false},"author":293,"featured_media":0,"comment_status":"open","ping_status":"open","sticky":false,"template":"","format":"standard","meta":{"footnotes":""},"categories":[9,599],"tags":[1125,777,775,776],"class_list":["post-2946","post","type-post","status-publish","format-standard","hentry","category-allgemein","category-bibliothekswesen","tag-eroffnung","tag-humboldt-universitat-berlin","tag-jacob-und-wilhelm-grimm-zentrum","tag-zentralbibliothek"],"_links":{"self":[{"href":"https:\/\/blogs.fu-berlin.de\/bibliotheken\/wp-json\/wp\/v2\/posts\/2946","targetHints":{"allow":["GET"]}}],"collection":[{"href":"https:\/\/blogs.fu-berlin.de\/bibliotheken\/wp-json\/wp\/v2\/posts"}],"about":[{"href":"https:\/\/blogs.fu-berlin.de\/bibliotheken\/wp-json\/wp\/v2\/types\/post"}],"author":[{"embeddable":true,"href":"https:\/\/blogs.fu-berlin.de\/bibliotheken\/wp-json\/wp\/v2\/users\/293"}],"replies":[{"embeddable":true,"href":"https:\/\/blogs.fu-berlin.de\/bibliotheken\/wp-json\/wp\/v2\/comments?post=2946"}],"version-history":[{"count":15,"href":"https:\/\/blogs.fu-berlin.de\/bibliotheken\/wp-json\/wp\/v2\/posts\/2946\/revisions"}],"predecessor-version":[{"id":2971,"href":"https:\/\/blogs.fu-berlin.de\/bibliotheken\/wp-json\/wp\/v2\/posts\/2946\/revisions\/2971"}],"wp:attachment":[{"href":"https:\/\/blogs.fu-berlin.de\/bibliotheken\/wp-json\/wp\/v2\/media?parent=2946"}],"wp:term":[{"taxonomy":"category","embeddable":true,"href":"https:\/\/blogs.fu-berlin.de\/bibliotheken\/wp-json\/wp\/v2\/categories?post=2946"},{"taxonomy":"post_tag","embeddable":true,"href":"https:\/\/blogs.fu-berlin.de\/bibliotheken\/wp-json\/wp\/v2\/tags?post=2946"}],"curies":[{"name":"wp","href":"https:\/\/api.w.org\/{rel}","templated":true}]}}