{"id":29800,"date":"2021-09-22T10:18:53","date_gmt":"2021-09-22T09:18:53","guid":{"rendered":"https:\/\/blogs.fu-berlin.de\/bibliotheken\/?p=29800"},"modified":"2021-09-22T10:18:53","modified_gmt":"2021-09-22T09:18:53","slug":"shortlist-fuer-den-deutschen-buchpreis-2021-veroeffentlicht","status":"publish","type":"post","link":"https:\/\/blogs.fu-berlin.de\/bibliotheken\/2021\/09\/22\/shortlist-fuer-den-deutschen-buchpreis-2021-veroeffentlicht\/","title":{"rendered":"Shortlist f\u00fcr den deutschen Buchpreis 2021 ver\u00f6ffentlicht"},"content":{"rendered":"\n<figure class=\"wp-block-image size-large\"><img loading=\"lazy\" decoding=\"async\" width=\"1734\" height=\"313\" src=\"https:\/\/blogs.fu-berlin.de\/bibliotheken\/files\/2021\/09\/Shortlist_2021.png\" alt=\"\" class=\"wp-image-29802\" srcset=\"https:\/\/blogs.fu-berlin.de\/bibliotheken\/files\/2021\/09\/Shortlist_2021.png 1734w, https:\/\/blogs.fu-berlin.de\/bibliotheken\/files\/2021\/09\/Shortlist_2021-300x54.png 300w, https:\/\/blogs.fu-berlin.de\/bibliotheken\/files\/2021\/09\/Shortlist_2021-1536x277.png 1536w, https:\/\/blogs.fu-berlin.de\/bibliotheken\/files\/2021\/09\/Shortlist_2021-1200x217.png 1200w\" sizes=\"auto, (max-width: 709px) 85vw, (max-width: 909px) 67vw, (max-width: 1362px) 62vw, 840px\" \/><\/figure>\n\n\n\n<p>Gestern wurde die Shortlist der sechs nominierten Romane ver\u00f6ffentlicht, die im Rennen um den deutschen Buchpreis 2021 gegeneinander antreten. Der Gewinner oder die Gewinnerin wird am 18. Oktober bekannt gegeben. Er oder sie erh\u00e4lt 25.000 Euro, die anderen f\u00fcnf Autorinnen und Autoren der Shortlist jeweils 2.500 Euro.<br>Aus insgesamt 230 Titeln w\u00e4hlte die siebenk\u00f6pfige Jury zun\u00e4chst 20 B\u00fccher f\u00fcr die Longlist aus. Folgende Titel haben es ins Finale geschafft:<\/p>\n\n\n\n<ul class=\"wp-block-list\"><li>Monika Helfer: <em><a href=\"https:\/\/fu-berlin.primo.exlibrisgroup.com\/permalink\/49KOBV_FUB\/1v1tp5h\/alma9959728077502883\" target=\"_blank\" rel=\"noreferrer noopener\">Vati<\/a><\/em> (Carl Hanser, Januar 2021)<\/li><li>Mithu Sanyal: <em>Identitti <\/em>(Carl Hanser, Februar 2021)<\/li><li>Norbert Gstrein: <a href=\"https:\/\/fu-berlin.primo.exlibrisgroup.com\/permalink\/49KOBV_FUB\/1v1tp5h\/alma9959753482202883\" target=\"_blank\" rel=\"noreferrer noopener\"><em>Der zweite Jakob<\/em><\/a> (Carl Hanser, Februar 2021)<\/li><li>Thomas Kunst: <em><a href=\"https:\/\/fu-berlin.primo.exlibrisgroup.com\/permalink\/49KOBV_FUB\/1v1tp5h\/alma9959753478302883\" target=\"_blank\" rel=\"noreferrer noopener\">Zandschower Klinken<\/a><\/em> (Suhrkamp, Februar 2021)<\/li><li>Christian Kracht: <em><a href=\"https:\/\/fu-berlin.primo.exlibrisgroup.com\/permalink\/49KOBV_FUB\/1v1tp5h\/alma9959784574902883\" target=\"_blank\" rel=\"noreferrer noopener\">Eurotrash<\/a><\/em> (Kiepenheuer &amp; Witsch, M\u00e4rz 2021)<\/li><li>Antje R\u00e1vik Strubel: <em>Blaue Frau<\/em> (S. Fischer, August 2021)<\/li><\/ul>\n\n\n\n<p>Die verlinkten Romane k\u00f6nnen in der Philologischen Bibliothek der Freien Universit\u00e4t ausgeliehen werden. <\/p>\n\n\n\n<p><em>Bildquelle: https:\/\/www.deutscher-buchpreis.de<\/em><\/p>\n","protected":false},"excerpt":{"rendered":"<p>Gestern wurde die Shortlist der sechs nominierten Romane ver\u00f6ffentlicht, die im Rennen um den deutschen Buchpreis 2021 gegeneinander antreten. Der Gewinner oder die Gewinnerin wird am 18. Oktober bekannt gegeben. Er oder sie erh\u00e4lt 25.000 Euro, die anderen f\u00fcnf Autorinnen und Autoren der Shortlist jeweils 2.500 Euro.Aus insgesamt 230 Titeln w\u00e4hlte die siebenk\u00f6pfige Jury zun\u00e4chst &hellip; <a href=\"https:\/\/blogs.fu-berlin.de\/bibliotheken\/2021\/09\/22\/shortlist-fuer-den-deutschen-buchpreis-2021-veroeffentlicht\/\" class=\"more-link\"><span class=\"screen-reader-text\">\u201eShortlist f\u00fcr den deutschen Buchpreis 2021 ver\u00f6ffentlicht\u201c<\/span> weiterlesen<\/a><\/p>\n","protected":false},"author":6453,"featured_media":0,"comment_status":"open","ping_status":"open","sticky":false,"template":"","format":"standard","meta":{"footnotes":""},"categories":[9],"tags":[57543,218486,1050],"class_list":["post-29800","post","type-post","status-publish","format-standard","hentry","category-allgemein","tag-deutscher-buchpreis","tag-roman-des-jahres","tag-shortlist"],"_links":{"self":[{"href":"https:\/\/blogs.fu-berlin.de\/bibliotheken\/wp-json\/wp\/v2\/posts\/29800","targetHints":{"allow":["GET"]}}],"collection":[{"href":"https:\/\/blogs.fu-berlin.de\/bibliotheken\/wp-json\/wp\/v2\/posts"}],"about":[{"href":"https:\/\/blogs.fu-berlin.de\/bibliotheken\/wp-json\/wp\/v2\/types\/post"}],"author":[{"embeddable":true,"href":"https:\/\/blogs.fu-berlin.de\/bibliotheken\/wp-json\/wp\/v2\/users\/6453"}],"replies":[{"embeddable":true,"href":"https:\/\/blogs.fu-berlin.de\/bibliotheken\/wp-json\/wp\/v2\/comments?post=29800"}],"version-history":[{"count":12,"href":"https:\/\/blogs.fu-berlin.de\/bibliotheken\/wp-json\/wp\/v2\/posts\/29800\/revisions"}],"predecessor-version":[{"id":29819,"href":"https:\/\/blogs.fu-berlin.de\/bibliotheken\/wp-json\/wp\/v2\/posts\/29800\/revisions\/29819"}],"wp:attachment":[{"href":"https:\/\/blogs.fu-berlin.de\/bibliotheken\/wp-json\/wp\/v2\/media?parent=29800"}],"wp:term":[{"taxonomy":"category","embeddable":true,"href":"https:\/\/blogs.fu-berlin.de\/bibliotheken\/wp-json\/wp\/v2\/categories?post=29800"},{"taxonomy":"post_tag","embeddable":true,"href":"https:\/\/blogs.fu-berlin.de\/bibliotheken\/wp-json\/wp\/v2\/tags?post=29800"}],"curies":[{"name":"wp","href":"https:\/\/api.w.org\/{rel}","templated":true}]}}