{"id":29881,"date":"2021-10-13T14:16:51","date_gmt":"2021-10-13T13:16:51","guid":{"rendered":"https:\/\/blogs.fu-berlin.de\/bibliotheken\/?p=29881"},"modified":"2021-10-15T08:01:27","modified_gmt":"2021-10-15T07:01:27","slug":"erweiterte-oeffnungszeiten-ab-18-oktober-2021","status":"publish","type":"post","link":"https:\/\/blogs.fu-berlin.de\/bibliotheken\/2021\/10\/13\/erweiterte-oeffnungszeiten-ab-18-oktober-2021\/","title":{"rendered":"Erweiterte \u00d6ffnungszeiten ab 18. Oktober 2021"},"content":{"rendered":"\n<p>Sechs Bibliotheksstandorte erweitern ab dem 18.10.2021 zum Start des Wintersemesters 2021\/22 ihre \u00d6ffnungszeiten.<\/p>\n\n\n\n<figure class=\"wp-block-image size-large\"><img loading=\"lazy\" decoding=\"async\" width=\"2560\" height=\"1920\" src=\"https:\/\/blogs.fu-berlin.de\/bibliotheken\/files\/2021\/10\/4BibsFU1-scaled.jpg\" alt=\"\" class=\"wp-image-29889\" srcset=\"https:\/\/blogs.fu-berlin.de\/bibliotheken\/files\/2021\/10\/4BibsFU1-scaled.jpg 2560w, https:\/\/blogs.fu-berlin.de\/bibliotheken\/files\/2021\/10\/4BibsFU1-300x225.jpg 300w, https:\/\/blogs.fu-berlin.de\/bibliotheken\/files\/2021\/10\/4BibsFU1-1536x1152.jpg 1536w, https:\/\/blogs.fu-berlin.de\/bibliotheken\/files\/2021\/10\/4BibsFU1-2048x1536.jpg 2048w, https:\/\/blogs.fu-berlin.de\/bibliotheken\/files\/2021\/10\/4BibsFU1-1200x900.jpg 1200w\" sizes=\"auto, (max-width: 709px) 85vw, (max-width: 909px) 67vw, (max-width: 1362px) 62vw, 840px\" \/><\/figure>\n\n\n\n<p>Neben den \u00d6ffnungszeiten der Leihstellen werden auch die Servicezeiten der Leses\u00e4le angepasst. Das bedeutet auch eine l\u00e4ngere Nutzung der Arbeitspl\u00e4tze in den Bibliotheken.<\/p>\n\n\n\n<p>Hier gibt es einen \u00dcberblick \u00fcber die neuen \u00d6ffnungszeiten:<\/p>\n\n\n\n<div class=\"wp-block-columns is-layout-flex wp-container-core-columns-is-layout-9d6595d7 wp-block-columns-is-layout-flex\">\n<div class=\"wp-block-column is-layout-flow wp-block-column-is-layout-flow\"><\/div>\n\n\n\n<div class=\"wp-block-column is-layout-flow wp-block-column-is-layout-flow\"><\/div>\n<\/div>\n\n\n\n<figure class=\"wp-block-table\"><table><tbody><tr><td><strong>Bibliothek<\/strong><\/td><td class=\"has-text-align-center\" data-align=\"center\"><strong>\u00d6ffnungszeiten ab<\/strong><br><strong>18. Oktober 2021<\/strong><\/td><td class=\"has-text-align-center\" data-align=\"center\"><strong>Bisherige<br>\u00d6ffnungszeiten<\/strong><\/td><\/tr><tr><td><a href=\"https:\/\/www.fu-berlin.de\/sites\/ub\/service\/ausleihe\/index.html\" target=\"_blank\" rel=\"noreferrer noopener\">Universit\u00e4tsbibliothek<br><\/a>(Garystr. 39)<\/td><td class=\"has-text-align-center\" data-align=\"center\">Mo\u2013Fr&nbsp; 9\u201320 Uhr<\/td><td class=\"has-text-align-center\" data-align=\"center\">Mo\u2013Fr&nbsp; 10\u201318 Uhr<\/td><\/tr><tr><td><a rel=\"noreferrer noopener\" href=\"https:\/\/www.geschkult.fu-berlin.de\/e\/fmi\/bibliothek\/\" target=\"_blank\">Geschichte<\/a> \/ <a rel=\"noreferrer noopener\" href=\"https:\/\/www.geschkult.fu-berlin.de\/e\/khi\/ressourcen\/bibliotheken\/index.html\" target=\"_blank\">Kunstgeschichte<\/a> <br>(FMI \/ KHI)<br>(Koserstr. 20)<\/td><td class=\"has-text-align-center\" data-align=\"center\">Mo\u2013Do&nbsp; 9\u201320 Uhr,<br>Fr&nbsp; 9\u201318 Uhr<\/td><td class=\"has-text-align-center\" data-align=\"center\">Mo, Mi, Fr&nbsp; 10\u201316 Uhr,<br>Di und Do&nbsp; 10\u201318 Uhr<\/td><\/tr><tr><td><a href=\"https:\/\/www.jfki.fu-berlin.de\/library\/\" target=\"_blank\" rel=\"noreferrer noopener\">JFKI-Bibliothek<br><\/a>(Lansstr. 7-9)<\/td><td class=\"has-text-align-center\" data-align=\"center\">Mo\u2013Fr&nbsp; 10\u201317 Uhr<\/td><td class=\"has-text-align-center\" data-align=\"center\">Mo\u2013Fr 10\u201316 Uhr<\/td><\/tr><tr><td><a href=\"https:\/\/www.polsoz.fu-berlin.de\/bibliothek\/index.html\" target=\"_blank\" rel=\"noreferrer noopener\">Sozialwissenschaften \/ Osteuropastudien<\/a><br>(Garystr. 55 \/ Ihnestr. 21)<\/td><td class=\"has-text-align-center\" data-align=\"center\">Mo\u2013Fr&nbsp; 9\u201319 Uhr<\/td><td class=\"has-text-align-center\" data-align=\"center\">Mo\u2013Fr&nbsp; 10\u201318 Uhr<\/td><\/tr><tr><td><a rel=\"noreferrer noopener\" href=\"https:\/\/www.wiwiss.fu-berlin.de\/bibliothek\/index.html\" target=\"_blank\">Wirtschaftswissenschaft<br><\/a>(Garystra\u00dfe 21, Untergeschoss)<\/td><td class=\"has-text-align-center\" data-align=\"center\">Leihstelle: Mo\u2013Fr&nbsp; 9\u201318 Uhr<br>Lesesaal:&nbsp; Mo\u2013Fr&nbsp; 9\u201320 Uhr<\/td><td class=\"has-text-align-center\" data-align=\"center\">Leihstelle: Mo\u2013Fr&nbsp; 10\u201316 Uhr<br>Lesesaal:&nbsp; Mo\u2013Fr&nbsp; 10\u201318 Uhr<\/td><\/tr><tr><td><a href=\"https:\/\/www.bgbm.org\/de\/wissenschaft\/bibliothek-am-bgbm\">Botanischer Garten und Botanisches Museum<\/a><br>(K\u00f6nigin-Luise-Str. 6-8, 1. OG)<\/td><td class=\"has-text-align-center\" data-align=\"center\">Mo &#8211; Fr 9 &#8211; 18 Uhr<\/td><td class=\"has-text-align-center\" data-align=\"center\">Mo &#8211; Fr 10 &#8211; 17 Uhr<\/td><\/tr><\/tbody><\/table><\/figure>\n\n\n\n<hr class=\"wp-block-separator\" \/>\n\n\n\n<p><em>Bildquelle: Fotos der genannten Fachbibliotheken<\/em> <\/p>\n","protected":false},"excerpt":{"rendered":"<p>Sechs Bibliotheksstandorte erweitern ab dem 18.10.2021 zum Start des Wintersemesters 2021\/22 ihre \u00d6ffnungszeiten. Neben den \u00d6ffnungszeiten der Leihstellen werden auch die Servicezeiten der Leses\u00e4le angepasst. Das bedeutet auch eine l\u00e4ngere Nutzung der Arbeitspl\u00e4tze in den Bibliotheken. Hier gibt es einen \u00dcberblick \u00fcber die neuen \u00d6ffnungszeiten: Bibliothek \u00d6ffnungszeiten ab18. Oktober 2021 Bisherige\u00d6ffnungszeiten Universit\u00e4tsbibliothek(Garystr. 39) Mo\u2013Fr&nbsp; 9\u201320 &hellip; <a href=\"https:\/\/blogs.fu-berlin.de\/bibliotheken\/2021\/10\/13\/erweiterte-oeffnungszeiten-ab-18-oktober-2021\/\" class=\"more-link\"><span class=\"screen-reader-text\">\u201eErweiterte \u00d6ffnungszeiten ab 18. Oktober 2021\u201c<\/span> weiterlesen<\/a><\/p>\n","protected":false},"author":5902,"featured_media":0,"comment_status":"open","ping_status":"open","sticky":false,"template":"","format":"standard","meta":{"footnotes":""},"categories":[9,599,600,601,584805],"tags":[57466,641],"class_list":["post-29881","post","type-post","status-publish","format-standard","hentry","category-allgemein","category-bibliothekswesen","category-fachbibliotheken","category-universitatsbibliothek","category-was-ist-neu","tag-fachbibliotheken","tag-offnungszeiten"],"_links":{"self":[{"href":"https:\/\/blogs.fu-berlin.de\/bibliotheken\/wp-json\/wp\/v2\/posts\/29881","targetHints":{"allow":["GET"]}}],"collection":[{"href":"https:\/\/blogs.fu-berlin.de\/bibliotheken\/wp-json\/wp\/v2\/posts"}],"about":[{"href":"https:\/\/blogs.fu-berlin.de\/bibliotheken\/wp-json\/wp\/v2\/types\/post"}],"author":[{"embeddable":true,"href":"https:\/\/blogs.fu-berlin.de\/bibliotheken\/wp-json\/wp\/v2\/users\/5902"}],"replies":[{"embeddable":true,"href":"https:\/\/blogs.fu-berlin.de\/bibliotheken\/wp-json\/wp\/v2\/comments?post=29881"}],"version-history":[{"count":10,"href":"https:\/\/blogs.fu-berlin.de\/bibliotheken\/wp-json\/wp\/v2\/posts\/29881\/revisions"}],"predecessor-version":[{"id":29904,"href":"https:\/\/blogs.fu-berlin.de\/bibliotheken\/wp-json\/wp\/v2\/posts\/29881\/revisions\/29904"}],"wp:attachment":[{"href":"https:\/\/blogs.fu-berlin.de\/bibliotheken\/wp-json\/wp\/v2\/media?parent=29881"}],"wp:term":[{"taxonomy":"category","embeddable":true,"href":"https:\/\/blogs.fu-berlin.de\/bibliotheken\/wp-json\/wp\/v2\/categories?post=29881"},{"taxonomy":"post_tag","embeddable":true,"href":"https:\/\/blogs.fu-berlin.de\/bibliotheken\/wp-json\/wp\/v2\/tags?post=29881"}],"curies":[{"name":"wp","href":"https:\/\/api.w.org\/{rel}","templated":true}]}}