{"id":30075,"date":"2021-11-18T19:33:58","date_gmt":"2021-11-18T18:33:58","guid":{"rendered":"https:\/\/blogs.fu-berlin.de\/bibliotheken\/?p=30075"},"modified":"2021-11-18T19:37:01","modified_gmt":"2021-11-18T18:37:01","slug":"mehrere-bibliotheken-reduzieren-oeffnungszeiten","status":"publish","type":"post","link":"https:\/\/blogs.fu-berlin.de\/bibliotheken\/2021\/11\/18\/mehrere-bibliotheken-reduzieren-oeffnungszeiten\/","title":{"rendered":"Mehrere Bibliotheken reduzieren \u00d6ffnungszeiten"},"content":{"rendered":"\n<p>Die Universit\u00e4tsbibliothek, die Bibliothek Sozialwissenschaften\/Osteuropastudien und die Bibliothek des Botanischen Gartens und Museums reduzieren ihre bisherigen \u00d6ffnungszeiten. Damit reagieren die H\u00e4user auf die seit 15. November 2021 in Kraft getretenen neuen Corona-Regelgungen des Landes Berlin.<\/p>\n\n\n\n<figure class=\"wp-block-table\"><table><tbody><tr><td><strong>Bibliothek<\/strong><\/td><td><strong>Neue \u00d6ffnungszeiten<\/strong><\/td><td><strong>Bisherige<br>\u00d6ffnungszeiten<\/strong><\/td><\/tr><tr><td><a href=\"https:\/\/www.fu-berlin.de\/sites\/ub\/index.html\" target=\"_blank\" rel=\"noreferrer noopener\">Universit\u00e4tsbibliothek<br><\/a>(Garystr. 39)<\/td><td>Mo\u2013Fr&nbsp; 9\u201318 Uhr<br>(ab 22.11.2021)<\/td><td>Mo\u2013Fr&nbsp; 9\u201320 Uhr<\/td><\/tr><tr><td><a href=\"https:\/\/www.polsoz.fu-berlin.de\/bibliothek\/index.html\" target=\"_blank\" rel=\"noreferrer noopener\">Sozialwissenschaften \/ Osteuropastudien<\/a><br>(Garystr. 55 \/ Ihnestr. 21)<\/td><td>Mo\u2013Fr&nbsp; 10\u201318 Uhr<br>(seit 15.11.2021)<\/td><td>Mo\u2013Fr&nbsp; 9\u201319 Uhr<\/td><\/tr><tr><td><a href=\"https:\/\/www.bgbm.org\/de\/wissenschaft\/bibliothek-am-bgbm\">Botanischer Garten und Botanisches Museum<\/a><br>(K\u00f6nigin-Luise-Str. 6-8, 1. OG)<\/td><td>&nbsp;Mo\u2013Fr 10\u201317 Uhr<br>(seit 18.11.2021)<\/td><td>&nbsp;Mo\u2013 Fr 9\u201318 Uhr<\/td><\/tr><\/tbody><\/table><\/figure>\n\n\n\n<p>Ausserhalb der \u00d6ffnungszeiten k\u00f6nnen f\u00fcr die R\u00fcckgabe von Medien z. B. die <strong>R\u00fcckgabek\u00e4sten am Haupteingang der Universit\u00e4tsbibliothek&nbsp; (Garystr. 39)<\/strong> genutzt werden.<\/p>\n\n\n\n<p>Wir bitten um Ihr Verst\u00e4ndnis.<\/p>\n\n\n\n<h6 class=\"wp-block-heading\">(Bildquellen: Bernd Wannenmacher bzw. die jeweilige Bibliothek)<\/h6>\n","protected":false},"excerpt":{"rendered":"<p>Die Universit\u00e4tsbibliothek, die Bibliothek Sozialwissenschaften\/Osteuropastudien und die Bibliothek des Botanischen Gartens und Museums reduzieren ihre bisherigen \u00d6ffnungszeiten. Damit reagieren die H\u00e4user auf die seit 15. November 2021 in Kraft getretenen neuen Corona-Regelgungen des Landes Berlin. Bibliothek Neue \u00d6ffnungszeiten Bisherige\u00d6ffnungszeiten Universit\u00e4tsbibliothek(Garystr. 39) Mo\u2013Fr&nbsp; 9\u201318 Uhr(ab 22.11.2021) Mo\u2013Fr&nbsp; 9\u201320 Uhr Sozialwissenschaften \/ Osteuropastudien(Garystr. 55 \/ Ihnestr. 21) &hellip; <a href=\"https:\/\/blogs.fu-berlin.de\/bibliotheken\/2021\/11\/18\/mehrere-bibliotheken-reduzieren-oeffnungszeiten\/\" class=\"more-link\"><span class=\"screen-reader-text\">\u201eMehrere Bibliotheken reduzieren \u00d6ffnungszeiten\u201c<\/span> weiterlesen<\/a><\/p>\n","protected":false},"author":293,"featured_media":30077,"comment_status":"open","ping_status":"open","sticky":false,"template":"","format":"standard","meta":{"footnotes":""},"categories":[9,600,601],"tags":[636,637,641,577,57467],"class_list":["post-30075","post","type-post","status-publish","format-standard","has-post-thumbnail","hentry","category-allgemein","category-fachbibliotheken","category-universitatsbibliothek","tag-botanischer-garten","tag-botanisches-museum","tag-offnungszeiten","tag-sozialwissenschaftliche-bibliothek","tag-universitatsbibliothek"],"_links":{"self":[{"href":"https:\/\/blogs.fu-berlin.de\/bibliotheken\/wp-json\/wp\/v2\/posts\/30075","targetHints":{"allow":["GET"]}}],"collection":[{"href":"https:\/\/blogs.fu-berlin.de\/bibliotheken\/wp-json\/wp\/v2\/posts"}],"about":[{"href":"https:\/\/blogs.fu-berlin.de\/bibliotheken\/wp-json\/wp\/v2\/types\/post"}],"author":[{"embeddable":true,"href":"https:\/\/blogs.fu-berlin.de\/bibliotheken\/wp-json\/wp\/v2\/users\/293"}],"replies":[{"embeddable":true,"href":"https:\/\/blogs.fu-berlin.de\/bibliotheken\/wp-json\/wp\/v2\/comments?post=30075"}],"version-history":[{"count":2,"href":"https:\/\/blogs.fu-berlin.de\/bibliotheken\/wp-json\/wp\/v2\/posts\/30075\/revisions"}],"predecessor-version":[{"id":30078,"href":"https:\/\/blogs.fu-berlin.de\/bibliotheken\/wp-json\/wp\/v2\/posts\/30075\/revisions\/30078"}],"wp:featuredmedia":[{"embeddable":true,"href":"https:\/\/blogs.fu-berlin.de\/bibliotheken\/wp-json\/wp\/v2\/media\/30077"}],"wp:attachment":[{"href":"https:\/\/blogs.fu-berlin.de\/bibliotheken\/wp-json\/wp\/v2\/media?parent=30075"}],"wp:term":[{"taxonomy":"category","embeddable":true,"href":"https:\/\/blogs.fu-berlin.de\/bibliotheken\/wp-json\/wp\/v2\/categories?post=30075"},{"taxonomy":"post_tag","embeddable":true,"href":"https:\/\/blogs.fu-berlin.de\/bibliotheken\/wp-json\/wp\/v2\/tags?post=30075"}],"curies":[{"name":"wp","href":"https:\/\/api.w.org\/{rel}","templated":true}]}}