{"id":3009,"date":"2009-10-15T09:31:46","date_gmt":"2009-10-15T08:31:46","guid":{"rendered":"https:\/\/blogs.fu-berlin.de\/bibliotheken\/?p=3009"},"modified":"2009-10-15T10:15:19","modified_gmt":"2009-10-15T09:15:19","slug":"vergriffene-nobelpreistragerin","status":"publish","type":"post","link":"https:\/\/blogs.fu-berlin.de\/bibliotheken\/2009\/10\/15\/vergriffene-nobelpreistragerin\/","title":{"rendered":"Vergriffene Nobelpreistr\u00e4gerin"},"content":{"rendered":"<p>Wer hat sich nicht letzte Woche \u00fcber die Nobelpreis-Auszeichnung an Herta M\u00fcller gefreut? Doch wer hat bereits etwas von ihr gelesen? Wie es aussieht wohl bald jeder ;). <a href=\"https:\/\/sf4.ub.fu-berlin.de\/F\/?func=find-e&amp;request=Herta+M%C3%BCller&amp;find_scan_code=FIND_WPE&amp;adjacent=N\">Im FU-Katalog<\/a> erleben ihre B\u00fccher momentan eine Renaissance &#8211; die meisten ausleihbaren Exemplare sind auch ausgeliehen und allein <em>Die Atemschaukel<\/em>, M\u00fcllers aktueller Roman, h\u00e4lt in der Philologischen Bibliothek drei Vormerkungen. Wer trotzdem etwas von der Nobelpreistr\u00e4gerin lesen m\u00f6chte, der sollte heute die M\u00f6glichkeit nutzen und bei <a href=\"https:\/\/www.libreka.de\/\">Libreka<\/a> vorbeischauen. Die E-Book-Plattform ist ein Projekt des B\u00f6rsenvereins des Deutschen Buchhandels und h\u00e4lt rund 14.000 deutschsprachige Titel zum Download bereit. Als Werbekampagne zur Buchmesse werden bis Sonntag vier Ebooks kostenfrei angeboten, angefangen heute mit <em>Die Atemschaukel<\/em>.<\/p>\n<p>Wer die Website besucht, sollte allerdings ziemlich viel Geduld mitbringen. Nachdem die Libreka-Server heute fr\u00fch wohl aufgrund des regen Ansturms zusammenbrachen, gelangt man nun ohne Probleme in die Rubrik <em>Download-Days<\/em>. Doch sobald man sich zum Download klicken will, erwartet einen die Entt\u00e4uschung \u2013 nur eine leere Seite \u00f6ffnet sich und der Mausanzeiger ist per Du mit der nervenden Windows-Sanduhr. Ihr Blog-Autor ist aber ein geduldiger Mensch und wird es den heutigen Tag weiter versuchen (und hoffentlich Erfolg damit haben!).<\/p>\n<p>Hoffen wir, dass es bei den folgenden Titeln <em>Welt aus Glas<\/em> (Ernst-W. H\u00e4ndler, 16. Okt.), <em>Gl\u00fccklicher Hund!<\/em> (Nadja Kneissler, 17. Okt.) und <em>Adam und Evelyn<\/em> (Ingo Schulze, 18. Okt.) anders sein wird. Libreka hat inzwischen bekannt gegeben, dass die <em>Atemschaukel<\/em> noch bis Freitag, 8 Uhr, kostenfrei angeboten wird. Wer\u2019s glaubt \u2026<\/p>\n","protected":false},"excerpt":{"rendered":"<p>Wer hat sich nicht letzte Woche \u00fcber die Nobelpreis-Auszeichnung an Herta M\u00fcller gefreut? Doch wer hat bereits etwas von ihr gelesen? Wie es aussieht wohl bald jeder ;). Im FU-Katalog erleben ihre B\u00fccher momentan eine Renaissance &#8211; die meisten ausleihbaren Exemplare sind auch ausgeliehen und allein Die Atemschaukel, M\u00fcllers aktueller Roman, h\u00e4lt in der Philologischen &hellip; <a href=\"https:\/\/blogs.fu-berlin.de\/bibliotheken\/2009\/10\/15\/vergriffene-nobelpreistragerin\/\" class=\"more-link\"><span class=\"screen-reader-text\">\u201eVergriffene Nobelpreistr\u00e4gerin\u201c<\/span> weiterlesen<\/a><\/p>\n","protected":false},"author":293,"featured_media":0,"comment_status":"open","ping_status":"open","sticky":false,"template":"","format":"standard","meta":{"footnotes":""},"categories":[604],"tags":[1133,1132,1134],"class_list":["post-3009","post","type-post","status-publish","format-standard","hentry","category-ins-netz-geschaut","tag-die-atemschaukel","tag-frankfurter-buchmesse","tag-libreka"],"_links":{"self":[{"href":"https:\/\/blogs.fu-berlin.de\/bibliotheken\/wp-json\/wp\/v2\/posts\/3009","targetHints":{"allow":["GET"]}}],"collection":[{"href":"https:\/\/blogs.fu-berlin.de\/bibliotheken\/wp-json\/wp\/v2\/posts"}],"about":[{"href":"https:\/\/blogs.fu-berlin.de\/bibliotheken\/wp-json\/wp\/v2\/types\/post"}],"author":[{"embeddable":true,"href":"https:\/\/blogs.fu-berlin.de\/bibliotheken\/wp-json\/wp\/v2\/users\/293"}],"replies":[{"embeddable":true,"href":"https:\/\/blogs.fu-berlin.de\/bibliotheken\/wp-json\/wp\/v2\/comments?post=3009"}],"version-history":[{"count":6,"href":"https:\/\/blogs.fu-berlin.de\/bibliotheken\/wp-json\/wp\/v2\/posts\/3009\/revisions"}],"predecessor-version":[{"id":3015,"href":"https:\/\/blogs.fu-berlin.de\/bibliotheken\/wp-json\/wp\/v2\/posts\/3009\/revisions\/3015"}],"wp:attachment":[{"href":"https:\/\/blogs.fu-berlin.de\/bibliotheken\/wp-json\/wp\/v2\/media?parent=3009"}],"wp:term":[{"taxonomy":"category","embeddable":true,"href":"https:\/\/blogs.fu-berlin.de\/bibliotheken\/wp-json\/wp\/v2\/categories?post=3009"},{"taxonomy":"post_tag","embeddable":true,"href":"https:\/\/blogs.fu-berlin.de\/bibliotheken\/wp-json\/wp\/v2\/tags?post=3009"}],"curies":[{"name":"wp","href":"https:\/\/api.w.org\/{rel}","templated":true}]}}