{"id":3016,"date":"2009-10-15T13:04:51","date_gmt":"2009-10-15T12:04:51","guid":{"rendered":"https:\/\/blogs.fu-berlin.de\/bibliotheken\/?p=3016"},"modified":"2009-10-19T09:48:07","modified_gmt":"2009-10-19T08:48:07","slug":"kuriosester-buchtitel-des-jahres-gekurt","status":"publish","type":"post","link":"https:\/\/blogs.fu-berlin.de\/bibliotheken\/2009\/10\/15\/kuriosester-buchtitel-des-jahres-gekurt\/","title":{"rendered":"Kuriosester Buchtitel des Jahres gek\u00fcrt"},"content":{"rendered":"<p><img decoding=\"async\" src=\"https:\/\/www.ub.fu-berlin.de\/image\/neue_homepage\/blog\/kurios_buch09.jpg\" alt=\"\" align=\"right\" \/>Zum zweiten Mal nach 2008 wurde auf der Frankfurter Buchmesse der Preistr\u00e4ger des <a href=\"https:\/\/www.kuriosesterbuchtitel.de\/\">\u201ekuriosesten Buchtitels des Jahres\u201c<\/a> gek\u00fcrt (unser <a href=\"https:\/\/blogs.fu-berlin.de\/bibliotheken\/2009\/07\/31\/kuriosester-buchtitel-2009-gesucht\/\">BiblioBlog berichtete<\/a>). Hatte im vergangenen Jahr noch Stephan Harborts Sachbuch &#8222;Begegnung mit dem Serienm\u00f6rder: jetzt sprechen die Opfer&#8220; Erfolg (&#8222;Titelei-Kunst nahe am Wahnsinn&#8220;), geht die Auszeichnung 2009 an den in Gibraltar geborenen Slampoeten Mischa-Sarim V\u00e9rollet f\u00fcr sein Werk &#8222;Das Leben ist keine Waldorfschule&#8220;. Im Finale setzte sich der Kurzgeschichtenband gegen folgende f\u00fcnf Titel durch:<\/p>\n<p>&#8211; &#8222;Gestatten, Bestatter! Bei uns liegen Sie richtig&#8220; von Peter Wilhelm<br \/>\n&#8211; &#8222;Wei\u00dfe Wannen &#8211; technisch und juristisch immer wieder problematisch?&#8220; herausgegeben vom Deutschen Beton- und Bautechnik-Verein und dem Stuttgart Fraunhofer-Informationszentrum Raum und Bau<br \/>\n&#8211; &#8222;Als ich meine Mutter im Sexshop traf&#8220; von Robert Neuendorf<br \/>\n&#8211; &#8222;Entschuldigung, sind Sie die Wurst&#8220; von Felix Ansch\u00fctz, Nico Degenkolb, Krischan Dietmaier und Thomas Neumann<br \/>\n&#8211; &#8222;Schwester Helga &#8211; Du maximierst mein Gl\u00fcck: Der Arztroman zur Mikro\u00f6konomie&#8220; von Thomas H\u00f6nscheid von der Lancken<\/p>\n<p>Sieger V\u00e9rollet habe sich laut Verlagsangaben \u00fcber den Preis &#8211;  eine Flasche Champagner &#8211; sehr gefreut. Dieser w\u00fcrde einen Ehrenplatz neben seiner Verkehrserziehungsurkunde bekommen.<\/p>\n<p>Der Wettbewerb wird j\u00e4hrlich von Schotts Sammelsurium und dem Branchenblatt <em>BuchMarkt<\/em> ausgeschrieben und geht auf den britischen &#8222;Diagram Prize for Oddest Title of the Year&#8220; zur\u00fcck, der schon seit 1978 vergeben wird. Die Juroren von der Insel trauen sich mitunter mehr, wie die Liste im entsprechenden <a href=\"https:\/\/de.wikipedia.org\/wiki\/Diagram-Preis\">Wikipedia-Artikel<\/a> beweist.<\/p>\n","protected":false},"excerpt":{"rendered":"<p>Zum zweiten Mal nach 2008 wurde auf der Frankfurter Buchmesse der Preistr\u00e4ger des \u201ekuriosesten Buchtitels des Jahres\u201c gek\u00fcrt (unser BiblioBlog berichtete). Hatte im vergangenen Jahr noch Stephan Harborts Sachbuch &#8222;Begegnung mit dem Serienm\u00f6rder: jetzt sprechen die Opfer&#8220; Erfolg (&#8222;Titelei-Kunst nahe am Wahnsinn&#8220;), geht die Auszeichnung 2009 an den in Gibraltar geborenen Slampoeten Mischa-Sarim V\u00e9rollet f\u00fcr &hellip; <a href=\"https:\/\/blogs.fu-berlin.de\/bibliotheken\/2009\/10\/15\/kuriosester-buchtitel-des-jahres-gekurt\/\" class=\"more-link\"><span class=\"screen-reader-text\">\u201eKuriosester Buchtitel des Jahres gek\u00fcrt\u201c<\/span> weiterlesen<\/a><\/p>\n","protected":false},"author":293,"featured_media":0,"comment_status":"open","ping_status":"open","sticky":false,"template":"","format":"standard","meta":{"footnotes":""},"categories":[9],"tags":[1127,956],"class_list":["post-3016","post","type-post","status-publish","format-standard","hentry","category-allgemein","tag-frankfurter-buchmesse-2009","tag-kuriosester-buchtitel-2009"],"_links":{"self":[{"href":"https:\/\/blogs.fu-berlin.de\/bibliotheken\/wp-json\/wp\/v2\/posts\/3016","targetHints":{"allow":["GET"]}}],"collection":[{"href":"https:\/\/blogs.fu-berlin.de\/bibliotheken\/wp-json\/wp\/v2\/posts"}],"about":[{"href":"https:\/\/blogs.fu-berlin.de\/bibliotheken\/wp-json\/wp\/v2\/types\/post"}],"author":[{"embeddable":true,"href":"https:\/\/blogs.fu-berlin.de\/bibliotheken\/wp-json\/wp\/v2\/users\/293"}],"replies":[{"embeddable":true,"href":"https:\/\/blogs.fu-berlin.de\/bibliotheken\/wp-json\/wp\/v2\/comments?post=3016"}],"version-history":[{"count":6,"href":"https:\/\/blogs.fu-berlin.de\/bibliotheken\/wp-json\/wp\/v2\/posts\/3016\/revisions"}],"predecessor-version":[{"id":3085,"href":"https:\/\/blogs.fu-berlin.de\/bibliotheken\/wp-json\/wp\/v2\/posts\/3016\/revisions\/3085"}],"wp:attachment":[{"href":"https:\/\/blogs.fu-berlin.de\/bibliotheken\/wp-json\/wp\/v2\/media?parent=3016"}],"wp:term":[{"taxonomy":"category","embeddable":true,"href":"https:\/\/blogs.fu-berlin.de\/bibliotheken\/wp-json\/wp\/v2\/categories?post=3016"},{"taxonomy":"post_tag","embeddable":true,"href":"https:\/\/blogs.fu-berlin.de\/bibliotheken\/wp-json\/wp\/v2\/tags?post=3016"}],"curies":[{"name":"wp","href":"https:\/\/api.w.org\/{rel}","templated":true}]}}