{"id":30160,"date":"2021-12-13T17:58:43","date_gmt":"2021-12-13T16:58:43","guid":{"rendered":"https:\/\/blogs.fu-berlin.de\/bibliotheken\/?p=30160"},"modified":"2021-12-13T18:02:44","modified_gmt":"2021-12-13T17:02:44","slug":"veraenderte-oeffnungszeiten-fuer-jfki-bibliothek-und-meteorologie","status":"publish","type":"post","link":"https:\/\/blogs.fu-berlin.de\/bibliotheken\/2021\/12\/13\/veraenderte-oeffnungszeiten-fuer-jfki-bibliothek-und-meteorologie\/","title":{"rendered":"Ver\u00e4nderte \u00d6ffnungszeiten f\u00fcr JFKI-Bibliothek und Meteorologie"},"content":{"rendered":"\n<p>Aus organisatorischen Gr\u00fcnden m\u00fcssen die Bibliothek des J.F. Kennedy-Instituts f\u00fcr Nordamerikastudien sowie die Bibliothek des Instituts f\u00fcr Meteorologie ihre \u00d6ffnungszeiten reduzieren.<\/p>\n\n\n\n<p>Die <a href=\"https:\/\/www.jfki.fu-berlin.de\/library\/index.html\">JFKI-Bibliothek<\/a> hat vom 14.12. (Dienstag) bis 17.12.2021 (Freitag) von 12:00 bis 15:00 Uhr ge\u00f6ffnet.<br>Vom 20.12. (Montag) bis einschlie\u00dflich 22.12.2021 (Mittwoch) bleibt die JFKI-Bibliothek geschlossen. Das verbliebene Bibliotheksteam arbeitet vom Home Office aus \u2013 m\u00f6glich sind dann Informationen\/Anfragen (per E-Mail und Telefon).<\/p>\n\n\n\n<p>Die <a href=\"https:\/\/www.geo.fu-berlin.de\/met\/bibliothek\/index.html\">Meterologische Bibliothek<\/a> (Carl-Heinrich-Becker Weg 6-10) ist nur noch jeden Mittwoch von 10:00 bis 16:00 Uhr ge\u00f6ffnet.<\/p>\n\n\n\n<p>Wir bitten um Ihr Verst\u00e4ndnis.<\/p>\n","protected":false},"excerpt":{"rendered":"<p>Aus organisatorischen Gr\u00fcnden m\u00fcssen die Bibliothek des J.F. Kennedy-Instituts f\u00fcr Nordamerikastudien sowie die Bibliothek des Instituts f\u00fcr Meteorologie ihre \u00d6ffnungszeiten reduzieren. Die JFKI-Bibliothek hat vom 14.12. (Dienstag) bis 17.12.2021 (Freitag) von 12:00 bis 15:00 Uhr ge\u00f6ffnet.Vom 20.12. (Montag) bis einschlie\u00dflich 22.12.2021 (Mittwoch) bleibt die JFKI-Bibliothek geschlossen. Das verbliebene Bibliotheksteam arbeitet vom Home Office aus \u2013 &hellip; <a href=\"https:\/\/blogs.fu-berlin.de\/bibliotheken\/2021\/12\/13\/veraenderte-oeffnungszeiten-fuer-jfki-bibliothek-und-meteorologie\/\" class=\"more-link\"><span class=\"screen-reader-text\">\u201eVer\u00e4nderte \u00d6ffnungszeiten f\u00fcr JFKI-Bibliothek und Meteorologie\u201c<\/span> weiterlesen<\/a><\/p>\n","protected":false},"author":293,"featured_media":0,"comment_status":"open","ping_status":"open","sticky":false,"template":"","format":"standard","meta":{"footnotes":""},"categories":[9,600],"tags":[368582,318221,641],"class_list":["post-30160","post","type-post","status-publish","format-standard","hentry","category-allgemein","category-fachbibliotheken","tag-jfki-bibliothek","tag-meteorologische-bibliothek","tag-offnungszeiten"],"_links":{"self":[{"href":"https:\/\/blogs.fu-berlin.de\/bibliotheken\/wp-json\/wp\/v2\/posts\/30160","targetHints":{"allow":["GET"]}}],"collection":[{"href":"https:\/\/blogs.fu-berlin.de\/bibliotheken\/wp-json\/wp\/v2\/posts"}],"about":[{"href":"https:\/\/blogs.fu-berlin.de\/bibliotheken\/wp-json\/wp\/v2\/types\/post"}],"author":[{"embeddable":true,"href":"https:\/\/blogs.fu-berlin.de\/bibliotheken\/wp-json\/wp\/v2\/users\/293"}],"replies":[{"embeddable":true,"href":"https:\/\/blogs.fu-berlin.de\/bibliotheken\/wp-json\/wp\/v2\/comments?post=30160"}],"version-history":[{"count":3,"href":"https:\/\/blogs.fu-berlin.de\/bibliotheken\/wp-json\/wp\/v2\/posts\/30160\/revisions"}],"predecessor-version":[{"id":30163,"href":"https:\/\/blogs.fu-berlin.de\/bibliotheken\/wp-json\/wp\/v2\/posts\/30160\/revisions\/30163"}],"wp:attachment":[{"href":"https:\/\/blogs.fu-berlin.de\/bibliotheken\/wp-json\/wp\/v2\/media?parent=30160"}],"wp:term":[{"taxonomy":"category","embeddable":true,"href":"https:\/\/blogs.fu-berlin.de\/bibliotheken\/wp-json\/wp\/v2\/categories?post=30160"},{"taxonomy":"post_tag","embeddable":true,"href":"https:\/\/blogs.fu-berlin.de\/bibliotheken\/wp-json\/wp\/v2\/tags?post=30160"}],"curies":[{"name":"wp","href":"https:\/\/api.w.org\/{rel}","templated":true}]}}