{"id":30167,"date":"2021-12-15T12:52:13","date_gmt":"2021-12-15T11:52:13","guid":{"rendered":"https:\/\/blogs.fu-berlin.de\/bibliotheken\/?p=30167"},"modified":"2021-12-15T13:29:35","modified_gmt":"2021-12-15T12:29:35","slug":"erfolgreiche-umweltmanagement-zertifizierung-fuer-die-freie-universitaet-berlin-hohes-umweltbewusstsein-auch-in-den-bibliotheken","status":"publish","type":"post","link":"https:\/\/blogs.fu-berlin.de\/bibliotheken\/2021\/12\/15\/erfolgreiche-umweltmanagement-zertifizierung-fuer-die-freie-universitaet-berlin-hohes-umweltbewusstsein-auch-in-den-bibliotheken\/","title":{"rendered":"Erfolgreiche Umweltmanagement-Zertifizierung f\u00fcr die Freie Universit\u00e4t Berlin: hohes Umweltbewusstsein \u2013 auch in den Bibliotheken"},"content":{"rendered":"\n<p>Am 06.12.2021 nahmen Hela Lange, Koordinatorin des Umweltmanagementsystems AGUM und Andreas Wanke, Leiter der Stabsstelle Nachhaltigkeit und Energie das neue Zertifikat der <a href=\"https:\/\/www.emas.de\/\">EMAS<\/a> Zertifizierung entgegen. Das \u201eEco-Management and Audit-Scheme\u201c ist die Umweltmanagement-Zertifizierung der Europ\u00e4ischen Union und z\u00e4hlt weltweit zu den bedeutendsten Systemen. F\u00fcr das Erlangen dieses Zertifikats ist eine externe Pr\u00fcfung durch einen Umweltgutachter notwendig. Es wird begutachtet, welche Umweltt\u00e4tigkeiten, Ziele und Ma\u00dfnahmen die Hochschule trifft, um ein anspruchsvolles und wirksames Umweltmanagement zu betreiben und Umweltleistungen stetig zu verbessern.<\/p>\n\n\n\n<figure class=\"wp-block-image size-large\"><img loading=\"lazy\" decoding=\"async\" width=\"1200\" height=\"675\" src=\"https:\/\/blogs.fu-berlin.de\/bibliotheken\/files\/2021\/12\/EMASZertifikat.jpg\" alt=\"\" class=\"wp-image-30168\" srcset=\"https:\/\/blogs.fu-berlin.de\/bibliotheken\/files\/2021\/12\/EMASZertifikat.jpg 1200w, https:\/\/blogs.fu-berlin.de\/bibliotheken\/files\/2021\/12\/EMASZertifikat-300x169.jpg 300w\" sizes=\"auto, (max-width: 709px) 85vw, (max-width: 909px) 67vw, (max-width: 1362px) 62vw, 840px\" \/><figcaption>\u00a9 Bernd Wannenmacher<\/figcaption><\/figure>\n\n\n\n<p>Vom 30.08. bis zum 02.09.2021 machte sich Herr Dr. Sulzer ein Bild vor Ort und besuchte in Begleitung von Hela Lange und Wolfgang Ackermann alle Bereiche der Hochschule.<\/p>\n\n\n\n<p>Premiere f\u00fcr die Bibliotheken der FU Berlin: der Gutachter besuchte die <a href=\"https:\/\/www.fu-berlin.de\/sites\/bibliotheken\/bibliothekenfuehrer\/campusbibliothek\/index.html\">Campusbibliothek<\/a> und die <a href=\"https:\/\/www.fu-berlin.de\/sites\/bibliotheken\/bibliothekenfuehrer\/universitaetsbibliothek\/index.html\">Universit\u00e4tsbibliothek<\/a>.<\/p>\n\n\n\n<p>Die Bibliotheksleiterinnen Frau Dr. Nina Johannsen und Frau Monika Schade empfingen den Umweltgutachter an der Leihstelle der Campusbibliothek und berichteten unter anderem von den Ma\u00dfnahmen, die zum Schutz vor Infektionen w\u00e4hrend der Corona-Pandemie in den Bibliotheken getroffen werden mussten. Die Campusbibliothek ist die neueste Bibliothek, 2015 er\u00f6ffnet, der Rundgang f\u00fchrte durch den Alt- und Neubau.<\/p>\n\n\n\n<p>Die internen B\u00fcros und die Gemeinschaftsk\u00fcche wurden besichtigt. Die direkt neben der Gemeinschaftsk\u00fcche angrenzenden Terrassend\u00e4cher werden von einem kleinen Team der Campusbibliothek auch f\u00fcr Bepflanzung von insektenfreundlichen Pflanzen und Kr\u00e4utern genutzt. In der K\u00fcche h\u00e4ngen Informationen zur Klimanotstandserkl\u00e4rung, dem Umweltleitbild und eine Lekt\u00fcre auf dem gro\u00dfen Holztisch ist der <a href=\"https:\/\/www.fu-berlin.de\/sites\/nachhaltigkeit\/_media\/kommunikation\/FU_NA2020_web.pdf\">Nachhaltigkeitsbericht<\/a> der Freien Universit\u00e4t Berlin.<\/p>\n\n\n\n<p>Es ist in Planung, dauerhaft eine \u201egr\u00fcne Arbeitsgruppe\u201c f\u00fcr weitere Hochbeete und Bepflanzungen auf den Balkonen zu initiieren. Direkt vor der Holzlaube und der Campusbibliothek findet sich seit 2020 eine weitere Fl\u00e4che des <a href=\"https:\/\/www.fu-berlin.de\/sites\/nachhaltigkeit\/stabsstelle\/kommunikation\/aktuelles\/190520_Bluehender-Campus.html\">\u201eBl\u00fchenden Campus\u201c<\/a>.<\/p>\n\n\n\n<p>Beim Besuch in der Universit\u00e4tsbibliothek stellte Alexandra Taplick vom Kommunikationsteam die Bibliotheken der Freien Universit\u00e4t mit Ihren Aufgaben, Services und Digitalisierungsangeboten eindr\u00fccklich vor. Janet Wagner berichtete anschlie\u00dfend \u00fcber den Workshop \u201eNachhaltigkeit im Bibliothekssystem\u201c von August 2020. Dieser Workshop war Auftakt f\u00fcr verschiedene Arbeitsgruppen, die sich mit nachhaltiger Digitalisierung, Nutzungsservices, Mobilit\u00e4t und Beschaffung besch\u00e4ftigten. Seit Anfang 2021 gibt es die dauerhafte Arbeitsgruppe <a href=\"https:\/\/www.fu-berlin.de\/sites\/ub\/newsletter-extern\/2021_2\/aktuelles\/nachhaltigkeit.html\">GreenFUBib<\/a>. Die Bibliotheken m\u00f6chten ihren Beitrag zum angestrebten Ziel der Klimaneutralit\u00e4t leisten. Die Anschaffung eines E-Transporters f\u00fcr die t\u00e4glichen B\u00fcchertransporte ist hier ein Beispiel.<\/p>\n\n\n\n<p>F\u00fcr den Gutachter war es wichtig zu erfahren, wie im Bereich Kommunikation daf\u00fcr gesorgt wird, dass Umweltbildung und Umweltbewusstsein weiter verst\u00e4rkt werden k\u00f6nnen. Janet Wagner stellte konkret dar, wie regelm\u00e4\u00dfige Dokumentation und Verbreitung von Nachhaltigkeitsaktivit\u00e4ten und themennahen Schulungen \u00fcber Newsletter, Wikis, Biblioblogs, Webseiten sowie Veranstaltungen f\u00fcr Bibliotheksbesch\u00e4ftigte kontinuierlich verbreitet werden.<\/p>\n\n\n\n<p>Zuk\u00fcnftige Projekte wie das Projekt \u201eScannen statt Kopieren\u201c oder die Pr\u00fcfung eines Trinkwasserspender-Konzepts an einzelnen Bibliotheksstandorten zeigen, wie die Bibliotheken den in der Bibliotheksstrategie verankerten Wert \u201eNachhaltigkeit und Verantwortung\u201c in die Tat umsetzen m\u00f6chten.<\/p>\n\n\n\n<div class=\"wp-block-group\"><div class=\"wp-block-group__inner-container is-layout-flow wp-block-group-is-layout-flow\">\n<p>Es waren spannende Stunden mit dem Umweltgutachter und es gab in diesem Audit erstmalig die Gelegenheit, die Bibliotheken mit ihrem Engagement vorzustellen. Aus dem nachtr\u00e4glich verfassten Audit-Bericht von Herrn Dr. Sulzer hei\u00dft es: <em>\u201eIm Bereich der Bibliotheksverwaltung wurde als Vorreiterrolle eine Mitarbeiterin mit der Wahrnehmung von Nachhaltigkeitsaufgaben betraut. Die bereits durchgef\u00fchrten Aktionen und die Erfahrung aus der Organisation im Umgang mit einer nachhaltigen Gestaltung der Bibliotheksaktivit\u00e4ten strahlen auch durch die Mitarbeit in nationalen und internationalen Bibliotheksverb\u00e4nden sowie durch Vortragst\u00e4tigkeiten aus.\u201e<\/em><\/p>\n<\/div><\/div>\n\n\n\n<hr class=\"wp-block-separator\" \/>\n\n\n\n<p>Klima- und Ressourcenschutz sowie eine hohe Sensibilisierung f\u00fcr Umweltbewusstsein ist bei vielen Bibliotheksbesch\u00e4ftigten vorhanden. Dies belegt eine intern gef\u00fchrte Umfrage der AG GreenFUBib von 2020. Die dokumentierte Abfrage zum Ist-Zustand des ressourcenschonenden Verhaltens f\u00fcr alle Bibliotheken zeigt deutlich, wie seit Jahren bewusst mit reduziertem Papierverbrauch, Druck- und Kopierverhalten, plastikfreien Buchlieferungen, M\u00fclltrennung oder der Verwendung von Bibliotheksk\u00f6rben statt Plastiktaschen wirkungsvolle Einzelziele erreicht wurden.<\/p>\n\n\n\n<p>Herzlichen Gl\u00fcckwunsch an die Stabsstelle Nachhaltigkeit und Energie zur neuen EMAS-Zertifizierung, die Bibliotheken freuen sich mit euch!<\/p>\n\n\n\n<p><\/p>\n","protected":false},"excerpt":{"rendered":"<p>Am 06.12.2021 nahmen Hela Lange, Koordinatorin des Umweltmanagementsystems AGUM und Andreas Wanke, Leiter der Stabsstelle Nachhaltigkeit und Energie das neue Zertifikat der EMAS Zertifizierung entgegen. Das \u201eEco-Management and Audit-Scheme\u201c ist die Umweltmanagement-Zertifizierung der Europ\u00e4ischen Union und z\u00e4hlt weltweit zu den bedeutendsten Systemen. F\u00fcr das Erlangen dieses Zertifikats ist eine externe Pr\u00fcfung durch einen Umweltgutachter notwendig. &hellip; <a href=\"https:\/\/blogs.fu-berlin.de\/bibliotheken\/2021\/12\/15\/erfolgreiche-umweltmanagement-zertifizierung-fuer-die-freie-universitaet-berlin-hohes-umweltbewusstsein-auch-in-den-bibliotheken\/\" class=\"more-link\"><span class=\"screen-reader-text\">\u201eErfolgreiche Umweltmanagement-Zertifizierung f\u00fcr die Freie Universit\u00e4t Berlin: hohes Umweltbewusstsein \u2013 auch in den Bibliotheken\u201c<\/span> weiterlesen<\/a><\/p>\n","protected":false},"author":5902,"featured_media":0,"comment_status":"open","ping_status":"open","sticky":false,"template":"","format":"standard","meta":{"footnotes":""},"categories":[9,599,600,603],"tags":[196703,368664,368602,368666,2678,368603,368665],"class_list":["post-30167","post","type-post","status-publish","format-standard","hentry","category-allgemein","category-bibliothekswesen","category-fachbibliotheken","category-vorgestellt","tag-17-ziele-fuer-nachhaltige-entwicklung","tag-emas-zertifizierung","tag-green-library","tag-klimanotstand","tag-nachhaltigkeit","tag-sdgs","tag-umweltpruefung"],"_links":{"self":[{"href":"https:\/\/blogs.fu-berlin.de\/bibliotheken\/wp-json\/wp\/v2\/posts\/30167","targetHints":{"allow":["GET"]}}],"collection":[{"href":"https:\/\/blogs.fu-berlin.de\/bibliotheken\/wp-json\/wp\/v2\/posts"}],"about":[{"href":"https:\/\/blogs.fu-berlin.de\/bibliotheken\/wp-json\/wp\/v2\/types\/post"}],"author":[{"embeddable":true,"href":"https:\/\/blogs.fu-berlin.de\/bibliotheken\/wp-json\/wp\/v2\/users\/5902"}],"replies":[{"embeddable":true,"href":"https:\/\/blogs.fu-berlin.de\/bibliotheken\/wp-json\/wp\/v2\/comments?post=30167"}],"version-history":[{"count":2,"href":"https:\/\/blogs.fu-berlin.de\/bibliotheken\/wp-json\/wp\/v2\/posts\/30167\/revisions"}],"predecessor-version":[{"id":30170,"href":"https:\/\/blogs.fu-berlin.de\/bibliotheken\/wp-json\/wp\/v2\/posts\/30167\/revisions\/30170"}],"wp:attachment":[{"href":"https:\/\/blogs.fu-berlin.de\/bibliotheken\/wp-json\/wp\/v2\/media?parent=30167"}],"wp:term":[{"taxonomy":"category","embeddable":true,"href":"https:\/\/blogs.fu-berlin.de\/bibliotheken\/wp-json\/wp\/v2\/categories?post=30167"},{"taxonomy":"post_tag","embeddable":true,"href":"https:\/\/blogs.fu-berlin.de\/bibliotheken\/wp-json\/wp\/v2\/tags?post=30167"}],"curies":[{"name":"wp","href":"https:\/\/api.w.org\/{rel}","templated":true}]}}