{"id":30175,"date":"2021-12-16T13:42:11","date_gmt":"2021-12-16T12:42:11","guid":{"rendered":"https:\/\/blogs.fu-berlin.de\/bibliotheken\/?p=30175"},"modified":"2022-01-03T17:02:24","modified_gmt":"2022-01-03T16:02:24","slug":"schliesszeiten-zum-jahreswechsel-2021-22","status":"publish","type":"post","link":"https:\/\/blogs.fu-berlin.de\/bibliotheken\/2021\/12\/16\/schliesszeiten-zum-jahreswechsel-2021-22\/","title":{"rendered":"Schlie\u00dfzeiten zum Jahreswechsel 2021\/22"},"content":{"rendered":"\n<p>W\u00e4hrend des Betriebsurlaubs vom 23.12.2021 bis einschlie\u00dflich 02.01.2022 bleiben die Bibliotheken der Freien Universit\u00e4t geschlossen.<br>Bitte beachten Sie, dass einige Standorte \u00fcber den Betriebsurlaub hinaus erweiterte Schlie\u00dfzeiten haben (siehe unten).<\/p>\n\n\n\n<p>Bestellungen verf\u00fcgbarer Medien aus den Magazinen und Fernleihbestellungen sind vom 22.12.21 (mittags) \u2013 02.01.22 (Betriebsurlaub) nicht m\u00f6glich (Scan-\/Digitalisierungsauftr\u00e4ge sind nur bis Dienstag, den 21.12.21, 15.00 Uhr m\u00f6glich!). Bitte beachten Sie, dass es durch die erweiterten Schlie\u00dfzeiten einiger Standorte zu Verz\u00f6gerungen bei der Bearbeitung der Bestellungen kommen kann.<\/p>\n\n\n\n<figure class=\"wp-block-table\"><table><tbody><tr><td><strong>Bibliothek<\/strong><\/td><td><strong>Schlie\u00dfzeiten<\/strong><\/td><\/tr><tr><td><a rel=\"noreferrer noopener\" target=\"_blank\" href=\"https:\/\/www.fu-berlin.de\/sites\/ub\/service\/ausleihe\/index.html\">Universit\u00e4tsbibliothek<\/a><\/td><td>23. Dez. \u2013 2. Jan.<\/td><\/tr><tr><td><a rel=\"noreferrer noopener\" target=\"_blank\" href=\"https:\/\/www.bgbm.org\/de\/wissenschaft\/bibliothek-am-bgbm\">Botanischer Garten\/-Museum<\/a> (BGBM)<\/td><td>23. Dez. \u2013 2. Jan.<\/td><\/tr><tr><td><a rel=\"noreferrer noopener\" target=\"_blank\" href=\"https:\/\/www.fu-berlin.de\/sites\/campusbib\">Campusbibliothek<\/a><\/td><td>23. Dez. \u2013 2. Jan.<\/td><\/tr><tr><td><a rel=\"noreferrer noopener\" target=\"_blank\" href=\"https:\/\/www.geo.fu-berlin.de\/bibliotheken\/geo\/index.html\">Geowissenschaften<\/a><\/td><td>22. Dez. \u2013 2. Jan.<\/td><\/tr><tr><td><a rel=\"noreferrer noopener\" target=\"_blank\" href=\"https:\/\/www.geschkult.fu-berlin.de\/e\/fmi\/bibliothek\/\">Geschichte<\/a>\/<a rel=\"noreferrer noopener\" target=\"_blank\" href=\"https:\/\/www.geschkult.fu-berlin.de\/e\/khi\/ressourcen\/bibliotheken\/index.html\">Kunstgeschichte<\/a> (FMI\/KHI)<\/td><td>23. Dez. \u2013 2. Jan.<\/td><\/tr><tr><td><a rel=\"noreferrer noopener\" target=\"_blank\" href=\"https:\/\/www.jfki.fu-berlin.de\/library\/\">JFKI-Bibliothek<\/a><\/td><td>20. Dez. \u2013 2. Jan.<\/td><\/tr><tr><td><a rel=\"noreferrer noopener\" target=\"_blank\" href=\"https:\/\/www.geo.fu-berlin.de\/met\/bibliothek\/index.html\">Meteorologie<\/a><\/td><td>22. Dez. \u2013 11. Jan.<\/td><\/tr><tr><td><a rel=\"noreferrer noopener\" target=\"_blank\" href=\"https:\/\/www.fu-berlin.de\/sites\/philbib\/index.html\">Philologie<\/a><\/td><td>23. Dez. \u2013 2. Jan.<\/td><\/tr><tr><td><a rel=\"noreferrer noopener\" target=\"_blank\" href=\"https:\/\/www.jura.fu-berlin.de\/bibliothek\/index.html\">Rechtswissenschaft<\/a><\/td><td>23. Dez. \u2013 2. Jan.<\/td><\/tr><tr><td><a rel=\"noreferrer noopener\" target=\"_blank\" href=\"https:\/\/www.polsoz.fu-berlin.de\/bibliothek\/index.html\">Sozialwissenschaften\/Osteuropastudien<\/a><\/td><td>23. Dez. \u2013 2. Jan.<\/td><\/tr><tr><td><a rel=\"noreferrer noopener\" target=\"_blank\" href=\"https:\/\/www.geisteswissenschaften.fu-berlin.de\/we07\/institut\/bibliothek\/index.html\">Theaterwissenschaft<\/a><\/td><td>20. Dez. \u2013 2. Jan.<\/td><\/tr><tr><td><a rel=\"noreferrer noopener\" target=\"_blank\" href=\"https:\/\/www.vetmed.fu-berlin.de\/bibliothek\/\">Veterin\u00e4rmedizin<\/a><\/td><td>23. Dez. \u2013 2. Jan.<\/td><\/tr><tr><td><a rel=\"noreferrer noopener\" target=\"_blank\" href=\"https:\/\/www.wiwiss.fu-berlin.de\/bibliothek\/index.html\">Wirtschaftswissenschaft<\/a><\/td><td>23. Dez. \u2013 2. Jan.<\/td><\/tr><\/tbody><\/table><figcaption>(Bildquelle: <a href=\"https:\/\/pixabay.com\/illustrations\/christmas-tree-snowflakes-574742\/\">Pixabay.com<\/a>)<\/figcaption><\/figure>\n\n\n\n<p><strong>Wir w\u00fcnschen Ihnen eine sch\u00f6ne Zeit und alles Gute f\u00fcr das Jahr 2022!<\/strong><\/p>\n","protected":false},"excerpt":{"rendered":"<p>W\u00e4hrend des Betriebsurlaubs vom 23.12.2021 bis einschlie\u00dflich 02.01.2022 bleiben die Bibliotheken der Freien Universit\u00e4t geschlossen.Bitte beachten Sie, dass einige Standorte \u00fcber den Betriebsurlaub hinaus erweiterte Schlie\u00dfzeiten haben (siehe unten). Bestellungen verf\u00fcgbarer Medien aus den Magazinen und Fernleihbestellungen sind vom 22.12.21 (mittags) \u2013 02.01.22 (Betriebsurlaub) nicht m\u00f6glich (Scan-\/Digitalisierungsauftr\u00e4ge sind nur bis Dienstag, den 21.12.21, 15.00 Uhr &hellip; <a href=\"https:\/\/blogs.fu-berlin.de\/bibliotheken\/2021\/12\/16\/schliesszeiten-zum-jahreswechsel-2021-22\/\" class=\"more-link\"><span class=\"screen-reader-text\">\u201eSchlie\u00dfzeiten zum Jahreswechsel 2021\/22\u201c<\/span> weiterlesen<\/a><\/p>\n","protected":false},"author":293,"featured_media":30177,"comment_status":"open","ping_status":"open","sticky":false,"template":"","format":"standard","meta":{"footnotes":""},"categories":[9,600,601],"tags":[364832,2815,368667,1433],"class_list":["post-30175","post","type-post","status-publish","format-standard","has-post-thumbnail","hentry","category-allgemein","category-fachbibliotheken","category-universitatsbibliothek","tag-betriebsurlaub","tag-neujahr","tag-schliesszeiten","tag-weihnachten"],"_links":{"self":[{"href":"https:\/\/blogs.fu-berlin.de\/bibliotheken\/wp-json\/wp\/v2\/posts\/30175","targetHints":{"allow":["GET"]}}],"collection":[{"href":"https:\/\/blogs.fu-berlin.de\/bibliotheken\/wp-json\/wp\/v2\/posts"}],"about":[{"href":"https:\/\/blogs.fu-berlin.de\/bibliotheken\/wp-json\/wp\/v2\/types\/post"}],"author":[{"embeddable":true,"href":"https:\/\/blogs.fu-berlin.de\/bibliotheken\/wp-json\/wp\/v2\/users\/293"}],"replies":[{"embeddable":true,"href":"https:\/\/blogs.fu-berlin.de\/bibliotheken\/wp-json\/wp\/v2\/comments?post=30175"}],"version-history":[{"count":3,"href":"https:\/\/blogs.fu-berlin.de\/bibliotheken\/wp-json\/wp\/v2\/posts\/30175\/revisions"}],"predecessor-version":[{"id":30179,"href":"https:\/\/blogs.fu-berlin.de\/bibliotheken\/wp-json\/wp\/v2\/posts\/30175\/revisions\/30179"}],"wp:featuredmedia":[{"embeddable":true,"href":"https:\/\/blogs.fu-berlin.de\/bibliotheken\/wp-json\/wp\/v2\/media\/30177"}],"wp:attachment":[{"href":"https:\/\/blogs.fu-berlin.de\/bibliotheken\/wp-json\/wp\/v2\/media?parent=30175"}],"wp:term":[{"taxonomy":"category","embeddable":true,"href":"https:\/\/blogs.fu-berlin.de\/bibliotheken\/wp-json\/wp\/v2\/categories?post=30175"},{"taxonomy":"post_tag","embeddable":true,"href":"https:\/\/blogs.fu-berlin.de\/bibliotheken\/wp-json\/wp\/v2\/tags?post=30175"}],"curies":[{"name":"wp","href":"https:\/\/api.w.org\/{rel}","templated":true}]}}