{"id":30180,"date":"2021-12-19T21:01:00","date_gmt":"2021-12-19T20:01:00","guid":{"rendered":"https:\/\/blogs.fu-berlin.de\/bibliotheken\/?p=30180"},"modified":"2021-12-20T09:10:57","modified_gmt":"2021-12-20T08:10:57","slug":"ab-sofort-ffp2-maskenpflicht-in-allen-bibliotheken","status":"publish","type":"post","link":"https:\/\/blogs.fu-berlin.de\/bibliotheken\/2021\/12\/19\/ab-sofort-ffp2-maskenpflicht-in-allen-bibliotheken\/","title":{"rendered":"Ab sofort FFP2-Maskenpflicht in allen Bibliotheken"},"content":{"rendered":"\n<p class=\"has-text-color has-background has-white-color has-bright-blue-background-color\">Please see below for the English version<\/p>\n\n\n\n<p>Ab <strong>Montag, 20. Dezember 2021<\/strong>, gilt in allen Bibliotheken der Freien Universit\u00e4t die <strong>Pflicht zum dauerhaften Tragen einer FFP2-Maske in allen Bereichen der jeweiligen Bibliotheksstandorte, auch am Lesesaal-Arbeitsplatz<\/strong>.<\/p>\n\n\n\n<p>Hintergrund sind die aktuellen Entwicklungen der Pandemie, das erh\u00f6hte L\u00fcftungserfordernis bei zugleich schwieriger Witterungslage und die h\u00e4ufige Unterschreitung des Mindestabstands, insbesondere beim L\u00fcften.<\/p>\n\n\n\n<p>Wir bitten um Ihr Verst\u00e4ndnis.<\/p>\n\n\n\n<p class=\"has-text-color has-background has-white-color has-bright-blue-background-color\">From <strong>Monday, December 20, 2021<\/strong>, it is a mandatory to<strong> wear a FFP2 mask permanently in all areas of the respective library locations of Freie Universit\u00e4t, including the workstations in the reading rooms<\/strong>.<br><br>The background to this are the current developments in the pandemic, the increased ventilation requirements in the case of difficult weather conditions and the frequent shortfall of the minimum distance, especially when ventilating.<br><br>We ask for your understanding.<\/p>\n\n\n\n<p>(Bildquelle: <a href=\"https:\/\/pixabay.com\/photos\/face-mask-ffp2-covid19-mask-5391310\/\">Pixabay.com<\/a>)<\/p>\n","protected":false},"excerpt":{"rendered":"<p>Please see below for the English version Ab Montag, 20. Dezember 2021, gilt in allen Bibliotheken der Freien Universit\u00e4t die Pflicht zum dauerhaften Tragen einer FFP2-Maske in allen Bereichen der jeweiligen Bibliotheksstandorte, auch am Lesesaal-Arbeitsplatz. Hintergrund sind die aktuellen Entwicklungen der Pandemie, das erh\u00f6hte L\u00fcftungserfordernis bei zugleich schwieriger Witterungslage und die h\u00e4ufige Unterschreitung des Mindestabstands, &hellip; <a href=\"https:\/\/blogs.fu-berlin.de\/bibliotheken\/2021\/12\/19\/ab-sofort-ffp2-maskenpflicht-in-allen-bibliotheken\/\" class=\"more-link\"><span class=\"screen-reader-text\">\u201eAb sofort FFP2-Maskenpflicht in allen Bibliotheken\u201c<\/span> weiterlesen<\/a><\/p>\n","protected":false},"author":293,"featured_media":30183,"comment_status":"open","ping_status":"open","sticky":false,"template":"","format":"standard","meta":{"footnotes":""},"categories":[9,600,601],"tags":[368590,368625],"class_list":["post-30180","post","type-post","status-publish","format-standard","has-post-thumbnail","hentry","category-allgemein","category-fachbibliotheken","category-universitatsbibliothek","tag-ffp2-maske","tag-maskenpflicht"],"_links":{"self":[{"href":"https:\/\/blogs.fu-berlin.de\/bibliotheken\/wp-json\/wp\/v2\/posts\/30180","targetHints":{"allow":["GET"]}}],"collection":[{"href":"https:\/\/blogs.fu-berlin.de\/bibliotheken\/wp-json\/wp\/v2\/posts"}],"about":[{"href":"https:\/\/blogs.fu-berlin.de\/bibliotheken\/wp-json\/wp\/v2\/types\/post"}],"author":[{"embeddable":true,"href":"https:\/\/blogs.fu-berlin.de\/bibliotheken\/wp-json\/wp\/v2\/users\/293"}],"replies":[{"embeddable":true,"href":"https:\/\/blogs.fu-berlin.de\/bibliotheken\/wp-json\/wp\/v2\/comments?post=30180"}],"version-history":[{"count":1,"href":"https:\/\/blogs.fu-berlin.de\/bibliotheken\/wp-json\/wp\/v2\/posts\/30180\/revisions"}],"predecessor-version":[{"id":30182,"href":"https:\/\/blogs.fu-berlin.de\/bibliotheken\/wp-json\/wp\/v2\/posts\/30180\/revisions\/30182"}],"wp:featuredmedia":[{"embeddable":true,"href":"https:\/\/blogs.fu-berlin.de\/bibliotheken\/wp-json\/wp\/v2\/media\/30183"}],"wp:attachment":[{"href":"https:\/\/blogs.fu-berlin.de\/bibliotheken\/wp-json\/wp\/v2\/media?parent=30180"}],"wp:term":[{"taxonomy":"category","embeddable":true,"href":"https:\/\/blogs.fu-berlin.de\/bibliotheken\/wp-json\/wp\/v2\/categories?post=30180"},{"taxonomy":"post_tag","embeddable":true,"href":"https:\/\/blogs.fu-berlin.de\/bibliotheken\/wp-json\/wp\/v2\/tags?post=30180"}],"curies":[{"name":"wp","href":"https:\/\/api.w.org\/{rel}","templated":true}]}}