{"id":30184,"date":"2022-01-06T08:21:00","date_gmt":"2022-01-06T07:21:00","guid":{"rendered":"https:\/\/blogs.fu-berlin.de\/bibliotheken\/?p=30184"},"modified":"2022-01-06T09:25:16","modified_gmt":"2022-01-06T08:25:16","slug":"lesesaal-der-bibliothek-fuer-sozialwissenschaften-und-osteuropastudien-am-6-januar-geschlossen","status":"publish","type":"post","link":"https:\/\/blogs.fu-berlin.de\/bibliotheken\/2022\/01\/06\/lesesaal-der-bibliothek-fuer-sozialwissenschaften-und-osteuropastudien-am-6-januar-geschlossen\/","title":{"rendered":"Lesesaal der Bibliothek f\u00fcr Sozialwissenschaften und Osteuropastudien am 6. Januar geschlossen"},"content":{"rendered":"\n<p>Der Lesesaal der <a>Bibliothek f\u00fcr Sozialwissenschaften und Osteuropastudien<\/a> in der Ihnestr. 21 bleibt aus organisatorischen Gr\u00fcnden am Donnerstag, den 6. Januar 2022 geschlossen.<\/p>\n\n\n\n<p><strong>Die Leihstelle und die Arbeitspl\u00e4tze in der Garystr. 55 sind an diesem Tag wie gewohnt ge\u00f6ffnet.<\/strong> Bitte beachten Sie auch die allgemeine <strong>FFP2-Maskenpflicht<\/strong> in allen Bibliotheken der Freien Universit\u00e4t, auch an den Arbeitspl\u00e4tzen.<\/p>\n\n\n\n<p>Wir bitten um Ihr Verst\u00e4ndnis.<\/p>\n\n\n\n<p>(Bildquelle: Bibliothek)<\/p>\n","protected":false},"excerpt":{"rendered":"<p>Der Lesesaal der Bibliothek f\u00fcr Sozialwissenschaften und Osteuropastudien in der Ihnestr. 21 bleibt aus organisatorischen Gr\u00fcnden am Donnerstag, den 6. Januar 2022 geschlossen. Die Leihstelle und die Arbeitspl\u00e4tze in der Garystr. 55 sind an diesem Tag wie gewohnt ge\u00f6ffnet. Bitte beachten Sie auch die allgemeine FFP2-Maskenpflicht in allen Bibliotheken der Freien Universit\u00e4t, auch an den &hellip; <a href=\"https:\/\/blogs.fu-berlin.de\/bibliotheken\/2022\/01\/06\/lesesaal-der-bibliothek-fuer-sozialwissenschaften-und-osteuropastudien-am-6-januar-geschlossen\/\" class=\"more-link\"><span class=\"screen-reader-text\">\u201eLesesaal der Bibliothek f\u00fcr Sozialwissenschaften und Osteuropastudien am 6. Januar geschlossen\u201c<\/span> weiterlesen<\/a><\/p>\n","protected":false},"author":293,"featured_media":30187,"comment_status":"open","ping_status":"open","sticky":false,"template":"","format":"standard","meta":{"footnotes":""},"categories":[9,600],"tags":[18539,728,641,962],"class_list":["post-30184","post","type-post","status-publish","format-standard","has-post-thumbnail","hentry","category-allgemein","category-fachbibliotheken","tag-bibliothek-fur-sozialwissenschaften-und-osteuropastudien","tag-lesesaal","tag-offnungszeiten","tag-osi"],"_links":{"self":[{"href":"https:\/\/blogs.fu-berlin.de\/bibliotheken\/wp-json\/wp\/v2\/posts\/30184","targetHints":{"allow":["GET"]}}],"collection":[{"href":"https:\/\/blogs.fu-berlin.de\/bibliotheken\/wp-json\/wp\/v2\/posts"}],"about":[{"href":"https:\/\/blogs.fu-berlin.de\/bibliotheken\/wp-json\/wp\/v2\/types\/post"}],"author":[{"embeddable":true,"href":"https:\/\/blogs.fu-berlin.de\/bibliotheken\/wp-json\/wp\/v2\/users\/293"}],"replies":[{"embeddable":true,"href":"https:\/\/blogs.fu-berlin.de\/bibliotheken\/wp-json\/wp\/v2\/comments?post=30184"}],"version-history":[{"count":6,"href":"https:\/\/blogs.fu-berlin.de\/bibliotheken\/wp-json\/wp\/v2\/posts\/30184\/revisions"}],"predecessor-version":[{"id":30203,"href":"https:\/\/blogs.fu-berlin.de\/bibliotheken\/wp-json\/wp\/v2\/posts\/30184\/revisions\/30203"}],"wp:featuredmedia":[{"embeddable":true,"href":"https:\/\/blogs.fu-berlin.de\/bibliotheken\/wp-json\/wp\/v2\/media\/30187"}],"wp:attachment":[{"href":"https:\/\/blogs.fu-berlin.de\/bibliotheken\/wp-json\/wp\/v2\/media?parent=30184"}],"wp:term":[{"taxonomy":"category","embeddable":true,"href":"https:\/\/blogs.fu-berlin.de\/bibliotheken\/wp-json\/wp\/v2\/categories?post=30184"},{"taxonomy":"post_tag","embeddable":true,"href":"https:\/\/blogs.fu-berlin.de\/bibliotheken\/wp-json\/wp\/v2\/tags?post=30184"}],"curies":[{"name":"wp","href":"https:\/\/api.w.org\/{rel}","templated":true}]}}