{"id":30192,"date":"2022-01-03T16:44:25","date_gmt":"2022-01-03T15:44:25","guid":{"rendered":"https:\/\/blogs.fu-berlin.de\/bibliotheken\/?p=30192"},"modified":"2022-01-03T16:44:25","modified_gmt":"2022-01-03T15:44:25","slug":"happy-new-year","status":"publish","type":"post","link":"https:\/\/blogs.fu-berlin.de\/bibliotheken\/2022\/01\/03\/happy-new-year\/","title":{"rendered":"Happy New Year!"},"content":{"rendered":"\n<p>Seit Montag, den 3. Januar 2022 haben <a href=\"https:\/\/www.fu-berlin.de\/sites\/ub\/ueber-uns\/news\/Wiederoeffnung-der-Ausleihe.html\">12 von 13 Bibliotheksstandorten<\/a> wieder ihre T\u00fcren f\u00fcr Sie ge\u00f6ffnet. Eine Ausnahme bildet die <a href=\"https:\/\/www.geo.fu-berlin.de\/met\/bibliothek\/index.html\">Meteorologische Bibliothek<\/a>, die am 12. Januar \u00f6ffnet und Services vor Ort gegenw\u00e4rtig nur jeden Mittwoch zur Verf\u00fcgung stellt.<\/p>\n\n\n\n<p>Bitte denken Sie daran, dass die Pflicht zum dauerhaften Tragen einer FFP2-Maske in allen Bereichen der jeweiligen Bibliotheksstandorte besteht, auch am Lesesaal-Arbeitsplatz.<\/p>\n\n\n\n<p>Die <a href=\"https:\/\/www.fu-berlin.de\/sites\/ub\/service\/digitalisierung\/index.html\">Scan- und Digitalisierungsservices<\/a> k\u00f6nnen Sie ab heute wieder aktiv nutzen. Ebenfalls k\u00f6nnen wieder Bestellungen und Vormerkungen im <a href=\"https:\/\/primo.fu-berlin.de\/\">Bibliotheksportal Primo<\/a> get\u00e4tigt werden.<\/p>\n\n\n\n<p>Wir w\u00fcnschen Ihnen eines gl\u00fcckliches und gesundes neues Jahr!<\/p>\n\n\n\n<p>(Bildquelle: <a href=\"https:\/\/pixabay.com\/illustrations\/new-year-s-day-space-stars-2022-6790597\/\">Pixabay.com<\/a>)<\/p>\n","protected":false},"excerpt":{"rendered":"<p>Seit Montag, den 3. Januar 2022 haben 12 von 13 Bibliotheksstandorten wieder ihre T\u00fcren f\u00fcr Sie ge\u00f6ffnet. Eine Ausnahme bildet die Meteorologische Bibliothek, die am 12. Januar \u00f6ffnet und Services vor Ort gegenw\u00e4rtig nur jeden Mittwoch zur Verf\u00fcgung stellt. Bitte denken Sie daran, dass die Pflicht zum dauerhaften Tragen einer FFP2-Maske in allen Bereichen der &hellip; <a href=\"https:\/\/blogs.fu-berlin.de\/bibliotheken\/2022\/01\/03\/happy-new-year\/\" class=\"more-link\"><span class=\"screen-reader-text\">\u201eHappy New Year!\u201c<\/span> weiterlesen<\/a><\/p>\n","protected":false},"author":293,"featured_media":30194,"comment_status":"open","ping_status":"open","sticky":false,"template":"","format":"standard","meta":{"footnotes":""},"categories":[9,600,518,601],"tags":[57466,368669,641,2086,973,57467],"class_list":["post-30192","post","type-post","status-publish","format-standard","has-post-thumbnail","hentry","category-allgemein","category-fachbibliotheken","category-fu-kataloge","category-universitatsbibliothek","tag-fachbibliotheken","tag-happy-new-year","tag-offnungszeiten","tag-primo","tag-service","tag-universitatsbibliothek"],"_links":{"self":[{"href":"https:\/\/blogs.fu-berlin.de\/bibliotheken\/wp-json\/wp\/v2\/posts\/30192","targetHints":{"allow":["GET"]}}],"collection":[{"href":"https:\/\/blogs.fu-berlin.de\/bibliotheken\/wp-json\/wp\/v2\/posts"}],"about":[{"href":"https:\/\/blogs.fu-berlin.de\/bibliotheken\/wp-json\/wp\/v2\/types\/post"}],"author":[{"embeddable":true,"href":"https:\/\/blogs.fu-berlin.de\/bibliotheken\/wp-json\/wp\/v2\/users\/293"}],"replies":[{"embeddable":true,"href":"https:\/\/blogs.fu-berlin.de\/bibliotheken\/wp-json\/wp\/v2\/comments?post=30192"}],"version-history":[{"count":3,"href":"https:\/\/blogs.fu-berlin.de\/bibliotheken\/wp-json\/wp\/v2\/posts\/30192\/revisions"}],"predecessor-version":[{"id":30196,"href":"https:\/\/blogs.fu-berlin.de\/bibliotheken\/wp-json\/wp\/v2\/posts\/30192\/revisions\/30196"}],"wp:featuredmedia":[{"embeddable":true,"href":"https:\/\/blogs.fu-berlin.de\/bibliotheken\/wp-json\/wp\/v2\/media\/30194"}],"wp:attachment":[{"href":"https:\/\/blogs.fu-berlin.de\/bibliotheken\/wp-json\/wp\/v2\/media?parent=30192"}],"wp:term":[{"taxonomy":"category","embeddable":true,"href":"https:\/\/blogs.fu-berlin.de\/bibliotheken\/wp-json\/wp\/v2\/categories?post=30192"},{"taxonomy":"post_tag","embeddable":true,"href":"https:\/\/blogs.fu-berlin.de\/bibliotheken\/wp-json\/wp\/v2\/tags?post=30192"}],"curies":[{"name":"wp","href":"https:\/\/api.w.org\/{rel}","templated":true}]}}