{"id":30205,"date":"2022-01-06T16:31:00","date_gmt":"2022-01-06T15:31:00","guid":{"rendered":"https:\/\/blogs.fu-berlin.de\/bibliotheken\/?p=30205"},"modified":"2022-01-07T09:32:13","modified_gmt":"2022-01-07T08:32:13","slug":"reservierungsmoeglichkeit-fuer-mikroformen-scanner-am-standort-garystr-39","status":"publish","type":"post","link":"https:\/\/blogs.fu-berlin.de\/bibliotheken\/2022\/01\/06\/reservierungsmoeglichkeit-fuer-mikroformen-scanner-am-standort-garystr-39\/","title":{"rendered":"Reservierungsm\u00f6glichkeit f\u00fcr Mikroformen-Scanner am Standort Garystr. 39"},"content":{"rendered":"\n<p>Aufgrund der Tatsache, dass seit Januar 2022 \u201enur\u201c ein funktionierendes Mikroformen-Leseger\u00e4t im Lesesaal (2. Stock) am <a href=\"https:\/\/www.fu-berlin.de\/sites\/ub\">Standort Garystr. 39<\/a> zur Verf\u00fcgung steht, kann der Scanner ab sofort f\u00fcr l\u00e4ngere Arbeiten \u00fcber das <a rel=\"noreferrer noopener\" href=\"https:\/\/raumbuchung.ub.fu-berlin.de\/lernort\/index.php?area=5\" target=\"_blank\">Arbeitsplatzreservierungssystem auf der UB-Webseite<\/a> reserviert werden.<\/p>\n\n\n\n<p>Wie auch bei den in separaten Arbeitsr\u00e4umen befindliche Einzelarbeitspl\u00e4tzen stehen von Montag bis Freitag zwei Zeit-Slots zur Auswahl:<\/p>\n\n\n\n<ul class=\"wp-block-list\"><li><strong>9:00 \u201314:00 Uhr <\/strong><em>oder<\/em><\/li><li><strong>14:00\u201318:00 Uhr<\/strong><\/li><\/ul>\n\n\n\n<p>Sollte es dennoch vorkommen, dass es trotz vorheriger Online-Reservierung in Sto\u00dfzeiten zu gleichzeititgen Anfragen auf das Ger\u00e4t kommt, sprechen Sie sich bitte untereinander ab.<\/p>\n\n\n\n<p>Vielen Dank f\u00fcr Ihr Verst\u00e4ndnis!<\/p>\n","protected":false},"excerpt":{"rendered":"<p>Aufgrund der Tatsache, dass seit Januar 2022 \u201enur\u201c ein funktionierendes Mikroformen-Leseger\u00e4t im Lesesaal (2. Stock) am Standort Garystr. 39 zur Verf\u00fcgung steht, kann der Scanner ab sofort f\u00fcr l\u00e4ngere Arbeiten \u00fcber das Arbeitsplatzreservierungssystem auf der UB-Webseite reserviert werden. Wie auch bei den in separaten Arbeitsr\u00e4umen befindliche Einzelarbeitspl\u00e4tzen stehen von Montag bis Freitag zwei Zeit-Slots zur &hellip; <a href=\"https:\/\/blogs.fu-berlin.de\/bibliotheken\/2022\/01\/06\/reservierungsmoeglichkeit-fuer-mikroformen-scanner-am-standort-garystr-39\/\" class=\"more-link\"><span class=\"screen-reader-text\">\u201eReservierungsm\u00f6glichkeit f\u00fcr Mikroformen-Scanner am Standort Garystr. 39\u201c<\/span> weiterlesen<\/a><\/p>\n","protected":false},"author":293,"featured_media":30208,"comment_status":"open","ping_status":"open","sticky":false,"template":"","format":"standard","meta":{"footnotes":""},"categories":[9,601],"tags":[368672,368673,368674,364836,2022],"class_list":["post-30205","post","type-post","status-publish","format-standard","has-post-thumbnail","hentry","category-allgemein","category-universitatsbibliothek","tag-mikrofiche","tag-mikrofilm","tag-mikroformen","tag-reservierung","tag-scanner"],"_links":{"self":[{"href":"https:\/\/blogs.fu-berlin.de\/bibliotheken\/wp-json\/wp\/v2\/posts\/30205","targetHints":{"allow":["GET"]}}],"collection":[{"href":"https:\/\/blogs.fu-berlin.de\/bibliotheken\/wp-json\/wp\/v2\/posts"}],"about":[{"href":"https:\/\/blogs.fu-berlin.de\/bibliotheken\/wp-json\/wp\/v2\/types\/post"}],"author":[{"embeddable":true,"href":"https:\/\/blogs.fu-berlin.de\/bibliotheken\/wp-json\/wp\/v2\/users\/293"}],"replies":[{"embeddable":true,"href":"https:\/\/blogs.fu-berlin.de\/bibliotheken\/wp-json\/wp\/v2\/comments?post=30205"}],"version-history":[{"count":1,"href":"https:\/\/blogs.fu-berlin.de\/bibliotheken\/wp-json\/wp\/v2\/posts\/30205\/revisions"}],"predecessor-version":[{"id":30209,"href":"https:\/\/blogs.fu-berlin.de\/bibliotheken\/wp-json\/wp\/v2\/posts\/30205\/revisions\/30209"}],"wp:featuredmedia":[{"embeddable":true,"href":"https:\/\/blogs.fu-berlin.de\/bibliotheken\/wp-json\/wp\/v2\/media\/30208"}],"wp:attachment":[{"href":"https:\/\/blogs.fu-berlin.de\/bibliotheken\/wp-json\/wp\/v2\/media?parent=30205"}],"wp:term":[{"taxonomy":"category","embeddable":true,"href":"https:\/\/blogs.fu-berlin.de\/bibliotheken\/wp-json\/wp\/v2\/categories?post=30205"},{"taxonomy":"post_tag","embeddable":true,"href":"https:\/\/blogs.fu-berlin.de\/bibliotheken\/wp-json\/wp\/v2\/tags?post=30205"}],"curies":[{"name":"wp","href":"https:\/\/api.w.org\/{rel}","templated":true}]}}