{"id":30224,"date":"2022-01-21T18:16:58","date_gmt":"2022-01-21T17:16:58","guid":{"rendered":"https:\/\/blogs.fu-berlin.de\/bibliotheken\/?p=30224"},"modified":"2022-01-21T18:16:58","modified_gmt":"2022-01-21T17:16:58","slug":"drucker-und-scanner-wieder-in-betrieb","status":"publish","type":"post","link":"https:\/\/blogs.fu-berlin.de\/bibliotheken\/2022\/01\/21\/drucker-und-scanner-wieder-in-betrieb\/","title":{"rendered":"Drucker und Scanner wieder in Betrieb"},"content":{"rendered":"\n<p>Das<strong> Drucken \u00fcber die Computerarbeitspl\u00e4tze<\/strong> in den Bibliotheken sowie das <strong>Scannen mit den Aufsichtsscannern<\/strong> (\u201eBookeye\u201c) funktionieren wieder. Aufgrund eines technischen Problems war der zentrale Server unseres Kopierservices RICOH f\u00fcr mehrere Trage nicht mehr ansteuerbar.<\/p>\n\n\n\n<p>Vielen Dank f\u00fcr Ihr Verst\u00e4ndnis!<\/p>\n\n\n\n<p>(Bildquelle: <a href=\"https:\/\/pixabay.com\/photos\/minion-photocopier-office-toy-1724905\/\">Pixabay.com<\/a>)<\/p>\n","protected":false},"excerpt":{"rendered":"<p>Das Drucken \u00fcber die Computerarbeitspl\u00e4tze in den Bibliotheken sowie das Scannen mit den Aufsichtsscannern (\u201eBookeye\u201c) funktionieren wieder. Aufgrund eines technischen Problems war der zentrale Server unseres Kopierservices RICOH f\u00fcr mehrere Trage nicht mehr ansteuerbar. Vielen Dank f\u00fcr Ihr Verst\u00e4ndnis! (Bildquelle: Pixabay.com)<\/p>\n","protected":false},"author":293,"featured_media":30225,"comment_status":"open","ping_status":"open","sticky":false,"template":"","format":"standard","meta":{"footnotes":""},"categories":[9,600,601],"tags":[318263,12193,318262],"class_list":["post-30224","post","type-post","status-publish","format-standard","has-post-thumbnail","hentry","category-allgemein","category-fachbibliotheken","category-universitatsbibliothek","tag-drucken","tag-ricoh","tag-scannen"],"_links":{"self":[{"href":"https:\/\/blogs.fu-berlin.de\/bibliotheken\/wp-json\/wp\/v2\/posts\/30224","targetHints":{"allow":["GET"]}}],"collection":[{"href":"https:\/\/blogs.fu-berlin.de\/bibliotheken\/wp-json\/wp\/v2\/posts"}],"about":[{"href":"https:\/\/blogs.fu-berlin.de\/bibliotheken\/wp-json\/wp\/v2\/types\/post"}],"author":[{"embeddable":true,"href":"https:\/\/blogs.fu-berlin.de\/bibliotheken\/wp-json\/wp\/v2\/users\/293"}],"replies":[{"embeddable":true,"href":"https:\/\/blogs.fu-berlin.de\/bibliotheken\/wp-json\/wp\/v2\/comments?post=30224"}],"version-history":[{"count":1,"href":"https:\/\/blogs.fu-berlin.de\/bibliotheken\/wp-json\/wp\/v2\/posts\/30224\/revisions"}],"predecessor-version":[{"id":30226,"href":"https:\/\/blogs.fu-berlin.de\/bibliotheken\/wp-json\/wp\/v2\/posts\/30224\/revisions\/30226"}],"wp:featuredmedia":[{"embeddable":true,"href":"https:\/\/blogs.fu-berlin.de\/bibliotheken\/wp-json\/wp\/v2\/media\/30225"}],"wp:attachment":[{"href":"https:\/\/blogs.fu-berlin.de\/bibliotheken\/wp-json\/wp\/v2\/media?parent=30224"}],"wp:term":[{"taxonomy":"category","embeddable":true,"href":"https:\/\/blogs.fu-berlin.de\/bibliotheken\/wp-json\/wp\/v2\/categories?post=30224"},{"taxonomy":"post_tag","embeddable":true,"href":"https:\/\/blogs.fu-berlin.de\/bibliotheken\/wp-json\/wp\/v2\/tags?post=30224"}],"curies":[{"name":"wp","href":"https:\/\/api.w.org\/{rel}","templated":true}]}}