{"id":30330,"date":"2022-03-01T13:10:56","date_gmt":"2022-03-01T12:10:56","guid":{"rendered":"https:\/\/blogs.fu-berlin.de\/bibliotheken\/?p=30330"},"modified":"2022-03-04T12:33:15","modified_gmt":"2022-03-04T11:33:15","slug":"krieg-in-europa","status":"publish","type":"post","link":"https:\/\/blogs.fu-berlin.de\/bibliotheken\/2022\/03\/01\/krieg-in-europa\/","title":{"rendered":"Krieg in Europa!"},"content":{"rendered":"\n<figure class=\"wp-block-image size-large\"><img loading=\"lazy\" decoding=\"async\" width=\"1764\" height=\"323\" src=\"https:\/\/blogs.fu-berlin.de\/bibliotheken\/files\/2022\/03\/Ukraine.png\" alt=\"\" class=\"wp-image-30331\" srcset=\"https:\/\/blogs.fu-berlin.de\/bibliotheken\/files\/2022\/03\/Ukraine.png 1764w, https:\/\/blogs.fu-berlin.de\/bibliotheken\/files\/2022\/03\/Ukraine-300x55.png 300w, https:\/\/blogs.fu-berlin.de\/bibliotheken\/files\/2022\/03\/Ukraine-1536x281.png 1536w, https:\/\/blogs.fu-berlin.de\/bibliotheken\/files\/2022\/03\/Ukraine-1200x220.png 1200w\" sizes=\"auto, (max-width: 709px) 85vw, (max-width: 909px) 67vw, (max-width: 1362px) 62vw, 840px\" \/><\/figure>\n\n\n\n<p>Die letzte Woche hat alles ver\u00e4ndert. Der Einmarsch russischer Truppen in die Ukraine brachte den Krieg nach Europa. Menschen sind auf der Flucht, m\u00fcssen ihre Heimat verlassen, sich verstecken und die demokratischen Werte verteidigen. <\/p>\n\n\n\n<p>Die Universit\u00e4tsbibliothek der Freien Universit\u00e4t Berlin schlie\u00dft sich der <a href=\"https:\/\/www.ub.hu-berlin.de\/shared\/uploads\/pressemitteilung-des-dbv-zum-angriff-russlands-auf-die-ukraine\">Stellungnahme des Deutschen Bibliotheksverbandes<\/a> an und verurteilt den Angriff Russlands auf die Ukraine. <\/p>\n\n\n\n<p>Einige fragen sich vielleicht, was wir in der aktuellen Lage konkret machen k\u00f6nnen, um pers\u00f6nlich bekannten und allgemein Ukrainerinnen und Ukrainern zu helfen.<\/p>\n\n\n\n<p> Drei Ansatzpunkte gibt <a href=\"https:\/\/www.fu-berlin.de\/sites\/ub\/ueber-uns\/team\/lee\/index.html\">Martin Lee<\/a>  dazu konkret:<\/p>\n\n\n\n<h3 class=\"wp-block-heading\" id=\"Ukraine-1)Informationen,SichtbarkeitundKommunikation\">1) Informationen, Sichtbarkeit und Kommunikation<\/h3>\n\n\n\n<p>Eine Unterst\u00fctzung ist durch die Verbreitung und B\u00fcndelung von hilfreichen Informationen m\u00f6glich (s. Linkliste unten und #StandWithUkraine). Gerade auch falsche Information auf sozialen Medien zu korrigieren ist wertvoll.<\/p>\n\n\n\n<p>Viele fragen sich, ob die Teilnahme an Demonstrationen helfen. Dar\u00fcber k\u00f6nnen wir viel diskutieren und philosophieren. Aber ich kann Ihnen sagen, dass ich heute und gestern viele Stimmen aus ukrainischen St\u00e4dten wie Charkiw, Lviv, Kyjiw, Sumy und Odessa geh\u00f6rt habe, die Kraft und Trost aus der Nachricht der gestrigen Berliner Demo erhalten haben.<\/p>\n\n\n\n<p>Im Gespr\u00e4ch bleiben, miteinander reden, sich austauschen bleiben wichtig &#8211; mit der russischen und ukrainischen Diaspora in Berlin, aber auch innerhalb der Freien Universit\u00e4t Berlin.<\/p>\n\n\n\n<h3 class=\"wp-block-heading\" id=\"Ukraine-2)Spenden,MittelundF\u00f6rderung\">2) Spenden, Mittel und F\u00f6rderung<\/h3>\n\n\n\n<p>In den Medien sind zahlreiche Spendenaufrufe zu finden (z.B: <a href=\"https:\/\/www.tagesschau.de\/spendenkonten\/spendenkonten-133.html\" rel=\"noreferrer noopener\" target=\"_blank\">ARD<\/a> oder <a href=\"https:\/\/www.zdf.de\/service-und-hilfe\/spendenaufruf-fuer-ukraine-100.html\" rel=\"noreferrer noopener\" target=\"_blank\">ZDF<\/a>). Falls Ihnen das zu unpers\u00f6nlich oder un\u00fcbersichtlich ist: Seit \u00fcber 15 Jahren bin ich in einem Verein, welcher aktuell die Kommunikation zwischen verschiedenen Partnern in der Ukraine, Polen, Moldawien, Litauen, Ungarn und der Slowakei koordiniert. Die dort handelnden Personen kenne ich pers\u00f6nlich gut: <a href=\"https:\/\/www.mitost.org\/#donate-to-ukraine\" rel=\"noreferrer noopener\" target=\"_blank\">https:\/\/www.mitost.org\/#donate-to-ukraine<\/a>.<\/p>\n\n\n\n<p>Sonderforschungsbereiche und Exzellenzcluster k\u00f6nnen ihre <a href=\"https:\/\/www.dfg.de\/en\/research_funding\/announcements_proposals\/2020\/info_wissenschaft_20_04\/index.html)\" rel=\"noreferrer noopener\" target=\"_blank\">pauschalen Mittel<\/a> verwenden, um gefl\u00fcchtete Personen einzubinden. F\u00fcr Postdocs gibt es speziell f\u00fcr Personen aus Risiko-Gebieten das <a href=\"https:\/\/www.dfg.de\/en\/research_funding\/proposal_review_decision\/refugee_researchers\/index.html\" rel=\"noreferrer noopener\" target=\"_blank\">Walter-Benjamin-Programm<\/a>. Der Twitter-Kanal <a href=\"https:\/\/twitter.com\/Sci_for_Ukraine\" rel=\"noreferrer noopener\" target=\"_blank\">Science for Ukraine<\/a> b\u00fcndelt Informationen speziell f\u00fcr Forschende und Studierende.<\/p>\n\n\n\n<h3 class=\"wp-block-heading\" id=\"Ukraine-3)Linksteilenunderg\u00e4nzen\">3) Links teilen und erg\u00e4nzen<\/h3>\n\n\n\n<ul class=\"wp-block-list\"><li><a rel=\"noreferrer noopener\" href=\"https:\/\/www.leibniz-gemeinschaft.de\/fileadmin\/user_upload\/Bilder_und_Downloads\/Neues\/Presse\/Pressemitteilungen\/Allianz_der_Wissenschaftsorganisationen_-_Stellungnahme_zum_Angriff_auf_die_Ukraine_-_25.02.2022.pdf\" target=\"_blank\">Stellungnahme <\/a>der Allianz der Wisssenschaftsorganisationen<\/li><li><a rel=\"noreferrer noopener\" href=\"https:\/\/www.fu-berlin.de\/universitaet\/ukraine\/index.html\" target=\"_blank\">Beschl\u00fcsse<\/a> der Freien Universit\u00e4t Berlin<\/li><li>Notfall Toolkits f\u00fcr <a rel=\"noreferrer noopener\" href=\"https:\/\/drive.google.com\/file\/d\/19ZmPaV9nkM2g-Xuy-_ZbIXaZgGPhGY2t\/view?fbclid=IwAR2ImpNacDiEnHHK6es8Qd-wKpgefk5hQqd7ILanZk-rA3hDenFLmboD0RE\" target=\"_blank\">Familien<\/a> und <a rel=\"noreferrer noopener\" href=\"https:\/\/drive.google.com\/file\/d\/1rOis3_L44UPRvmBK9SwUuXN2_65T4EdF\/view?fbclid=IwAR3WTBVl5GtMpAWwiDJuW_HoGLj-_SLOe2_d5LAbm_uGsXZFRgDQvHjm51A\" target=\"_blank\">Kommunikation <\/a>(Ukrainisch)<\/li><li><a rel=\"noreferrer noopener\" href=\"https:\/\/docs.google.com\/document\/d\/1OlZIz-72A2xI2uUOFE07L5ObQGP4JDcXZ2vdIs2P9BQ\/edit\" target=\"_blank\">Ressourcen f\u00fcr ukrainische Gefl\u00fcchtete und Helfende<\/a> (Englisch)<\/li><li><a rel=\"noreferrer noopener\" href=\"https:\/\/cryptpad.fr\/pad\/?fbclid=IwAR2xHQM-PB5sDPymE_dKGOL2VuuHhl5lQgjZvHgbn6aN427evf4Ld3VwHYk#\/2\/pad\/view\/wznYh8Q6eEGuTI-UrgBjqqwsUrz9JzlHFoLURk1kd48\/\" target=\"_blank\">Konkrete Informationen f\u00fcr ausreisewillige Menschen<\/a> (Englisch und Ukrainisch). Hier finden sich auch spezielle Informationen f\u00fcr Personen mit afrikanischen P\u00e4ssen sowie Hinweise f\u00fcr alle relevanten Grenz\u00fcberg\u00e4nge.<\/li><li><a rel=\"noreferrer noopener\" href=\"http:\/\/scienceforukraine.eu\/\" target=\"_blank\">http:\/\/scienceforukraine.eu\/<\/a><\/li><li>Initiative weltweit t\u00e4tiger Wissenschaftler*innen zur Bewahrung und Sicherung des digitalen Kulturerbes der Ukraine: <a href=\"https:\/\/sucho.org\">https:\/\/sucho.org<\/a><\/li><li>Linksammlung zu Gruppen und weiteren Ressourcen: <a rel=\"noreferrer noopener\" href=\"https:\/\/linktr.ee\/ukrainehelpberlin\" target=\"_blank\">https:\/\/linktr.ee\/ukrainehelpberlin<\/a> (Englisch und Ukrainisch).<\/li><\/ul>\n\n\n\n<hr class=\"wp-block-separator\" \/>\n\n\n\n<p><em>Text von: Martin Lee<\/em><\/p>\n\n\n\n<p>Bildquelle: https:\/\/www.worldnewsdiscussions.com\/2022\/02\/27\/standwithukraine-update\/<\/p>\n","protected":false},"excerpt":{"rendered":"<p>Die letzte Woche hat alles ver\u00e4ndert. Der Einmarsch russischer Truppen in die Ukraine brachte den Krieg nach Europa. Menschen sind auf der Flucht, m\u00fcssen ihre Heimat verlassen, sich verstecken und die demokratischen Werte verteidigen. Die Universit\u00e4tsbibliothek der Freien Universit\u00e4t Berlin schlie\u00dft sich der Stellungnahme des Deutschen Bibliotheksverbandes an und verurteilt den Angriff Russlands auf die &hellip; <a href=\"https:\/\/blogs.fu-berlin.de\/bibliotheken\/2022\/03\/01\/krieg-in-europa\/\" class=\"more-link\"><span class=\"screen-reader-text\">\u201eKrieg in Europa!\u201c<\/span> weiterlesen<\/a><\/p>\n","protected":false},"author":5902,"featured_media":0,"comment_status":"open","ping_status":"open","sticky":false,"template":"","format":"standard","meta":{"footnotes":""},"categories":[9],"tags":[],"class_list":["post-30330","post","type-post","status-publish","format-standard","hentry","category-allgemein"],"_links":{"self":[{"href":"https:\/\/blogs.fu-berlin.de\/bibliotheken\/wp-json\/wp\/v2\/posts\/30330","targetHints":{"allow":["GET"]}}],"collection":[{"href":"https:\/\/blogs.fu-berlin.de\/bibliotheken\/wp-json\/wp\/v2\/posts"}],"about":[{"href":"https:\/\/blogs.fu-berlin.de\/bibliotheken\/wp-json\/wp\/v2\/types\/post"}],"author":[{"embeddable":true,"href":"https:\/\/blogs.fu-berlin.de\/bibliotheken\/wp-json\/wp\/v2\/users\/5902"}],"replies":[{"embeddable":true,"href":"https:\/\/blogs.fu-berlin.de\/bibliotheken\/wp-json\/wp\/v2\/comments?post=30330"}],"version-history":[{"count":2,"href":"https:\/\/blogs.fu-berlin.de\/bibliotheken\/wp-json\/wp\/v2\/posts\/30330\/revisions"}],"predecessor-version":[{"id":30339,"href":"https:\/\/blogs.fu-berlin.de\/bibliotheken\/wp-json\/wp\/v2\/posts\/30330\/revisions\/30339"}],"wp:attachment":[{"href":"https:\/\/blogs.fu-berlin.de\/bibliotheken\/wp-json\/wp\/v2\/media?parent=30330"}],"wp:term":[{"taxonomy":"category","embeddable":true,"href":"https:\/\/blogs.fu-berlin.de\/bibliotheken\/wp-json\/wp\/v2\/categories?post=30330"},{"taxonomy":"post_tag","embeddable":true,"href":"https:\/\/blogs.fu-berlin.de\/bibliotheken\/wp-json\/wp\/v2\/tags?post=30330"}],"curies":[{"name":"wp","href":"https:\/\/api.w.org\/{rel}","templated":true}]}}